{"id":1072,"date":"2024-01-08T19:32:19","date_gmt":"2024-01-08T16:32:19","guid":{"rendered":"http:\/\/atlas-scc.com\/?p=1072"},"modified":"2024-07-04T16:42:22","modified_gmt":"2024-07-04T13:42:22","slug":"why-should-i-care-about-others-poverty","status":"publish","type":"post","link":"https:\/\/atlas-scc.com\/tr\/why-should-i-care-about-others-poverty\/","title":{"rendered":"Ba\u015fkas\u0131n\u0131n yoksulluk s\u0131n\u0131r\u0131 beni neden ilgilendiriyor?"},"content":{"rendered":"<div class=\"wp-block-image\">\n<figure class=\"aligncenter size-large\"><img loading=\"lazy\" decoding=\"async\" width=\"1024\" height=\"636\" src=\"http:\/\/atlas-scc.com\/wp-content\/uploads\/\/dulana-kodithuwakku-0R-rPOSUyxw-unsplash-1024x636.jpg\" alt=\"\" class=\"wp-image-1004\" srcset=\"https:\/\/atlas-scc.com\/wp-content\/uploads\/dulana-kodithuwakku-0R-rPOSUyxw-unsplash-1024x636.jpg 1024w, https:\/\/atlas-scc.com\/wp-content\/uploads\/dulana-kodithuwakku-0R-rPOSUyxw-unsplash-300x186.jpg 300w, https:\/\/atlas-scc.com\/wp-content\/uploads\/dulana-kodithuwakku-0R-rPOSUyxw-unsplash-768x477.jpg 768w, https:\/\/atlas-scc.com\/wp-content\/uploads\/dulana-kodithuwakku-0R-rPOSUyxw-unsplash-1536x954.jpg 1536w, https:\/\/atlas-scc.com\/wp-content\/uploads\/dulana-kodithuwakku-0R-rPOSUyxw-unsplash-2048x1273.jpg 2048w, https:\/\/atlas-scc.com\/wp-content\/uploads\/dulana-kodithuwakku-0R-rPOSUyxw-unsplash-370x230.jpg 370w\" sizes=\"(max-width: 1024px) 100vw, 1024px\" \/><\/figure><\/div>\n\n\n<h2 class=\"wp-block-heading\">Ba\u015fkas\u0131n\u0131n Yoksulluk S\u0131n\u0131r\u0131 Beni Neden \u0130lgilendiriyor?<\/h2>\n\n\n\n<p>Nilg\u00fcn Aytekin \/\/ 01.12.2023<\/p>\n\n\n\n<p>G\u00fcn\u00fcm\u00fczde 700 milyonun \u00fczerinde insan, sa\u011fl\u0131k, e\u011fitim, temiz su gibi temel insani ihtiya\u00e7lara ula\u015fmakta zorlan\u0131yor. D\u00fcnya\u2019n\u0131n en zengin \u00fclkelerinde 30 milyon \u00e7ocuk yoksulluk i\u00e7erisinde b\u00fcy\u00fcyor.<\/p>\n\n\n\n<p>D\u00fcnya Bankas\u0131 ekonomisti Roy Van der Weide, \u201cD\u00fcnyada Ku\u015faklar Aras\u0131 Ekonomik Hareketlilik Ne Kadar Adil?\u201d ba\u015fl\u0131kl\u0131 raporunda, yoksullu\u011fun ku\u015faktan ku\u015fa\u011fa ge\u00e7ti\u011fine ve ebeveynleri alt gelir grubunda olan bir bireyin alt gelir grubunda kalma olas\u0131l\u0131\u011f\u0131n\u0131n y\u00fcksek oldu\u011funa vurgu yap\u0131yor. E\u011fitim d\u00fczeyi y\u00fcksek olan ailelerde do\u011fan \u00e7ocuklar\u0131n ekonomik hareketlilik \u015fans\u0131, e\u011fitim d\u00fczeyi d\u00fc\u015f\u00fck olanlara g\u00f6re iki kat daha fazla. Bunun nedeni ebeveynlerin \u00e7ocuklar\u0131n\u0131n e\u011fitimi i\u00e7in daha fazla harcama yapabilmeleri ve e\u011fitim d\u00fczeylerinin y\u00fcksek olmas\u0131n\u0131n \u00e7ocuklar\u0131 \u00fczerinde niteliksel etkilerinin daha \u00e7ok olmas\u0131.<\/p>\n\n\n<div class=\"wp-block-image\">\n<figure class=\"alignright size-large is-resized\"><img loading=\"lazy\" decoding=\"async\" width=\"1024\" height=\"1024\" src=\"http:\/\/atlas-scc.com\/wp-content\/uploads\/\/yoksulluksiniri-1024x1024.jpg\" alt=\"\" class=\"wp-image-1086\" style=\"width:369px;height:369px\" srcset=\"https:\/\/atlas-scc.com\/wp-content\/uploads\/yoksulluksiniri-1024x1024.jpg 1024w, https:\/\/atlas-scc.com\/wp-content\/uploads\/yoksulluksiniri-300x300.jpg 300w, https:\/\/atlas-scc.com\/wp-content\/uploads\/yoksulluksiniri-150x150.jpg 150w, https:\/\/atlas-scc.com\/wp-content\/uploads\/yoksulluksiniri-768x768.jpg 768w, https:\/\/atlas-scc.com\/wp-content\/uploads\/yoksulluksiniri-80x80.jpg 80w, https:\/\/atlas-scc.com\/wp-content\/uploads\/yoksulluksiniri-90x90.jpg 90w, https:\/\/atlas-scc.com\/wp-content\/uploads\/yoksulluksiniri-65x65.jpg 65w, https:\/\/atlas-scc.com\/wp-content\/uploads\/yoksulluksiniri.jpg 1080w\" sizes=\"(max-width: 1024px) 100vw, 1024px\" \/><\/figure><\/div>\n\n\n<p>Rapora g\u00f6re; T\u00fcrkiye\u2019de alt %50\u2019lik gelir grubundaki n\u00fcfustan en y\u00fcksek %25\u2019lik gelir grubuna ge\u00e7me olas\u0131l\u0131\u011f\u0131 yakla\u015f\u0131k olarak;<\/p>\n\n\n\n<p>1940\u2019larda do\u011fan n\u00fcfus i\u00e7in <a>%<\/a>4.<\/p>\n\n\n\n<p>1960\u2019larda do\u011fan n\u00fcfus i\u00e7in %14.<\/p>\n\n\n\n<p>1980\u2019lerde do\u011fan n\u00fcfus i\u00e7in %17.<\/p>\n\n\n\n<p>Di\u011fer yandan, T\u00fcrkiye \u0130\u015f\u00e7i Sendikalar\u0131 Konfederasyonu T\u00dcRK-\u0130\u015e\u2019in \u00e7al\u0131\u015fanlar\u0131n ge\u00e7im \u015fartlar\u0131n\u0131 her ay d\u00fczenli olarak inceledi\u011fi ayl\u0131k ara\u015ft\u0131rmas\u0131na g\u00f6re 2023 Kas\u0131m ay\u0131 sonu\u00e7lar\u0131na bakal\u0131m;<\/p>\n\n\n\n<ul>\n<li>D\u00f6rt ki\u015filik bir ailenin sa\u011fl\u0131kl\u0131, dengeli ve yeterli beslenebilmesi i\u00e7in yapmas\u0131 gereken ayl\u0131k g\u0131da harcamas\u0131 tutar\u0131 (a\u00e7l\u0131k s\u0131n\u0131r\u0131) 14.025 TL,<\/li>\n\n\n\n<li>G\u0131da harcamas\u0131 ile birlikte giyim, konut (kira, elektrik, su, yak\u0131t), ula\u015f\u0131m, e\u011fitim, sa\u011fl\u0131k ve benzeri ihtiya\u00e7lar i\u00e7in yap\u0131lmas\u0131 zorunlu di\u011fer ayl\u0131k harcamalar\u0131n\u0131n toplam tutar\u0131 ise (yoksulluk s\u0131n\u0131r\u0131) 45.686,81 TL,<\/li>\n\n\n\n<li>Evli olmayan-\u00e7ocuksuz bir \u00e7al\u0131\u015fan\u0131n \u2018ya\u015fama maliyeti\u2019 ise ayl\u0131k 18.239,8 TL olarak hesapland\u0131.<\/li>\n<\/ul>\n\n\n\n<p>Bu y\u0131l\u0131n asgari \u00fccretinin 11.402 TL oldu\u011funu hat\u0131rlad\u0131\u011f\u0131m\u0131zda bu insanlar nas\u0131l \u015fartlarda ya\u015f\u0131yor diye d\u00fc\u015f\u00fcnmeden edemiyor insan\u2026<\/p>\n\n\n\n<h3 class=\"wp-block-heading\">Ba\u015fkas\u0131n\u0131n yoksullu\u011fu i\u00e7in ben neden bir \u015feyler yapmak zorunday\u0131m?<\/h3>\n\n\n\n<p>Ayn\u0131 sistemde, soludu\u011fumuz havan\u0131n kalitesi bizi ne kadar ilgilendiriyorsa, zengin ile yoksul aras\u0131ndaki fark\u0131n a\u00e7\u0131lmas\u0131 da hepimizi o denli ilgilendiriyor. Artan e\u015fitsizlikler; toplumsal uyumsuzluk, sosyal gerginlik ve \u015fiddet e\u011filimlerini artt\u0131rmas\u0131n\u0131n yan\u0131 s\u0131ra, ekonomik olarak geli\u015fmeyi de engelliyor. Ge\u00e7ti\u011fimiz g\u00fcnlerde T\u00fcrkiye\u2019yi de ziyaret eden S\u00fcrd\u00fcr\u00fclebilirli\u011fin Duayeni olarak bilinen Columbia \u00dcniversitesi Profes\u00f6r\u00fc \u00fcnl\u00fc ekonomist Jeffrey Sachs\u2019a g\u00f6re D\u00fcnya genelinde a\u015f\u0131r\u0131 yoksullu\u011fu sona erdirmek i\u00e7in yakla\u015f\u0131k 175 milyar dolar harcanmas\u0131 gerekiyor. Bu miktar zengin \u00fclkelerin toplam gelirlerinin y\u00fczde birinin alt\u0131nda bir rakam.<\/p>\n\n\n\n<h3 class=\"wp-block-heading\">Peki bu konuda bizler ne yapabiliriz?<\/h3>\n\n\n\n<p>A\u015f\u0131r\u0131 yoksullu\u011fun nedenleri ile etkilerinin fark\u0131na varmak ve bu konunun s\u00f6z el\u00e7isi olmak hepimizin atabilece\u011fi en kolay ad\u0131md\u0131r. A\u015f\u0131r\u0131 yoksullu\u011fun \u00f6n\u00fcne ge\u00e7meyi hedefleyen kamu \u00e7al\u0131\u015fmalar\u0131n\u0131n, f\u0131rsat e\u015fitli\u011fini destekleyen \u00f6zel sekt\u00f6r \u00e7al\u0131\u015fmalar\u0131n\u0131n \u00f6nc\u00fcs\u00fc olabilir veya destekleyebilirsiniz.<\/p>\n\n\n\n<p>Sat\u0131n ald\u0131\u011f\u0131m\u0131z \u00fcr\u00fcnlerin\/markalar\u0131n adil bir tedarik zincirine sahip olup olmad\u0131\u011f\u0131n\u0131 sorgulayabilirsiniz. \u00c7ok de\u011ferli kaynaklara sahip olmas\u0131na ra\u011fmen yoksulluk s\u0131n\u0131r\u0131ndan bir t\u00fcrl\u00fc \u00e7\u0131kamayan \u00e7ok fazla \u00fclke var. Madenleri ile zengin Afrika \u00fclkeleri listenin ba\u015f\u0131nda yer al\u0131yor. \u00dclkemizden bir \u00f6rnek vermemiz gerekirse, lokomotif sekt\u00f6rlerimizden birisi olan Tekstil sekt\u00f6r\u00fcnde, \u00fcretimin \u00e7e\u015fitli a\u015famalar\u0131nda olu\u015fan \u00e7evre kirlili\u011fi veya uygunsuz \u00e7al\u0131\u015fma \u015fartlar\u0131 dayat\u0131lan is\u00e7ilerin ya\u015fad\u0131klar\u0131 zorluklar g\u00f6z ard\u0131 edilebiliyor. Bu konularda sorumluluk alan, sosyal uygunlu\u011fa \u00f6nem veren ve \u00e7evresel etkisini g\u00f6zeten markalar\u0131 tercih etmek bile \u00f6nemli bir \u00e7abad\u0131r.<\/p>\n\n\n\n<p>E\u011fitimde f\u0131rsat e\u015fitli\u011fi yaratan STK\u2019lar\u0131 destekleyebilirsiniz; g\u00f6n\u00fcll\u00fc \u00e7al\u0131\u015fanlar\u0131 olabilirsiniz. \u00dclkemizde bu konu ile ilgili \u00e7al\u0131\u015fan k\u0131ymetli dernekler var.&nbsp;<a rel=\"noreferrer noopener\" href=\"https:\/\/www.darussafaka.org\/\" target=\"_blank\">Dar\u00fc\u015f\u015fafaka Cemiyeti<\/a>,&nbsp;<a rel=\"noreferrer noopener\" href=\"https:\/\/www.acev.org\/\" target=\"_blank\">A\u00c7EV<\/a>,&nbsp;<a rel=\"noreferrer noopener\" href=\"https:\/\/tegv.org\/\" target=\"_blank\">TEGV<\/a>,&nbsp;<a rel=\"noreferrer noopener\" href=\"https:\/\/koruncuk.org\/\" target=\"_blank\">Koruncuk Vakf\u0131<\/a>,&nbsp;<a rel=\"noreferrer noopener\" href=\"https:\/\/www.bilimkahramanlari.org\/tr\/\" target=\"_blank\">Bilim Kahramanlar\u0131 Derne\u011fi<\/a>&nbsp;bunlardan sadece birka\u00e7\u0131\u2026<\/p>\n\n\n\n<blockquote class=\"wp-block-quote is-layout-flow wp-block-quote-is-layout-flow\">\n<p><strong>&#8220;Yoksulluk en k\u00f6t\u00fc \u015fiddet \u015feklidir.&#8221;<\/strong><\/p>\n<cite><strong>Mahatma Gandhi<\/strong><\/cite><\/blockquote>\n\n\n\n<p>Yoksullu\u011fa kar\u015f\u0131 bir ad\u0131m atmak, daha adil bir d\u00fcnya i\u00e7in kritik bir hamledir. Bu nedenle, di\u011ferlerinin ya\u015fam standartlar\u0131n\u0131 y\u00fckseltmek ve sosyal e\u015fitsizlikle m\u00fccadele etmek i\u00e7in kolektif bir sorumlulu\u011fumuz bulunmaktad\u0131r.<\/p>\n\n\n\n<p class=\"has-text-align-right\"><\/p>\n\n\n\n<p class=\"has-small-font-size\">Kaynaklar: Tedu.edu.tr, kureselamaclar.org, 28Kas\u0131m2023 T\u00fcrki\u015f Haber B\u00fclteni<\/p>\n","protected":false},"excerpt":{"rendered":"<p>Ba\u015fkas\u0131n\u0131n Yoksulluk S\u0131n\u0131r\u0131 Beni Neden \u0130lgilendiriyor? Nilg\u00fcn Aytekin \/\/ 01.12.2023 G\u00fcn\u00fcm\u00fczde 700 milyonun \u00fczerinde insan, sa\u011fl\u0131k, e\u011fitim, temiz su gibi temel insani ihtiya\u00e7lara ula\u015fmakta zorlan\u0131yor. D\u00fcnya\u2019n\u0131n en zengin \u00fclkelerinde 30 milyon \u00e7ocuk yoksulluk i\u00e7erisinde b\u00fcy\u00fcyor. D\u00fcnya Bankas\u0131 ekonomisti Roy Van der Weide, \u201cD\u00fcnyada Ku\u015faklar Aras\u0131 Ekonomik Hareketlilik Ne Kadar Adil?\u201d ba\u015fl\u0131kl\u0131 raporunda, yoksullu\u011fun ku\u015faktan ku\u015fa\u011fa<\/p>\n","protected":false},"author":2,"featured_media":0,"comment_status":"closed","ping_status":"open","sticky":false,"template":"","format":"standard","meta":{"footnotes":""},"categories":[1],"tags":[],"_links":{"self":[{"href":"https:\/\/atlas-scc.com\/tr\/wp-json\/wp\/v2\/posts\/1072"}],"collection":[{"href":"https:\/\/atlas-scc.com\/tr\/wp-json\/wp\/v2\/posts"}],"about":[{"href":"https:\/\/atlas-scc.com\/tr\/wp-json\/wp\/v2\/types\/post"}],"author":[{"embeddable":true,"href":"https:\/\/atlas-scc.com\/tr\/wp-json\/wp\/v2\/users\/2"}],"replies":[{"embeddable":true,"href":"https:\/\/atlas-scc.com\/tr\/wp-json\/wp\/v2\/comments?post=1072"}],"version-history":[{"count":8,"href":"https:\/\/atlas-scc.com\/tr\/wp-json\/wp\/v2\/posts\/1072\/revisions"}],"predecessor-version":[{"id":1754,"href":"https:\/\/atlas-scc.com\/tr\/wp-json\/wp\/v2\/posts\/1072\/revisions\/1754"}],"wp:attachment":[{"href":"https:\/\/atlas-scc.com\/tr\/wp-json\/wp\/v2\/media?parent=1072"}],"wp:term":[{"taxonomy":"category","embeddable":true,"href":"https:\/\/atlas-scc.com\/tr\/wp-json\/wp\/v2\/categories?post=1072"},{"taxonomy":"post_tag","embeddable":true,"href":"https:\/\/atlas-scc.com\/tr\/wp-json\/wp\/v2\/tags?post=1072"}],"curies":[{"name":"wp","href":"https:\/\/api.w.org\/{rel}","templated":true}]}}