{"id":1100,"date":"2024-01-08T21:03:38","date_gmt":"2024-01-08T18:03:38","guid":{"rendered":"http:\/\/atlas-scc.com\/act-now-for-climate-change\/"},"modified":"2024-01-12T13:36:55","modified_gmt":"2024-01-12T10:36:55","slug":"act-now-for-climate-change","status":"publish","type":"post","link":"https:\/\/atlas-scc.com\/tr\/act-now-for-climate-change\/","title":{"rendered":"\u0130klim De\u011fi\u015fikli\u011fine Dur De!"},"content":{"rendered":"\n<figure class=\"wp-block-image size-large\"><img loading=\"lazy\" decoding=\"async\" width=\"1024\" height=\"768\" src=\"http:\/\/atlas-scc.com\/wp-content\/uploads\/\/kelly-sikkema-_whs7FPfkwQ-unsplash-1024x768.jpg\" alt=\"\" class=\"wp-image-1093\" srcset=\"https:\/\/atlas-scc.com\/wp-content\/uploads\/kelly-sikkema-_whs7FPfkwQ-unsplash-1024x768.jpg 1024w, https:\/\/atlas-scc.com\/wp-content\/uploads\/kelly-sikkema-_whs7FPfkwQ-unsplash-300x225.jpg 300w, https:\/\/atlas-scc.com\/wp-content\/uploads\/kelly-sikkema-_whs7FPfkwQ-unsplash-768x576.jpg 768w, https:\/\/atlas-scc.com\/wp-content\/uploads\/kelly-sikkema-_whs7FPfkwQ-unsplash-1536x1152.jpg 1536w, https:\/\/atlas-scc.com\/wp-content\/uploads\/kelly-sikkema-_whs7FPfkwQ-unsplash-2048x1536.jpg 2048w\" sizes=\"(max-width: 1024px) 100vw, 1024px\" \/><\/figure>\n\n\n\n<h2 class=\"wp-block-heading\">\u0130klim De\u011fi\u015fikli\u011fine Dur De!<\/h2>\n\n\n\n<p>Sanayi Devrimi sonras\u0131 yeni \u00fcretim \u015fekilleri ve \u00fcr\u00fcn \u00e7e\u015fitlili\u011fi hepimizin hayat\u0131nda farkl\u0131 t\u00fcketim al\u0131\u015fkanl\u0131klar\u0131 yerle\u015ftirdi. \u00c7e\u015fitlilik artt\u0131k\u00e7a ihtiya\u00e7 sahibi ve t\u00fckettik\u00e7e mutlu hissetti\u011fimiz bir ya\u015fam tarz\u0131n\u0131 benimsedik. \u0130htiya\u00e7 tan\u0131m\u0131 de\u011fi\u015fti\u011fi gibi mutluluk tan\u0131m\u0131 da de\u011fi\u015fti. Peki, bu mutluluk ger\u00e7ek mi? Cevab\u0131 kolay bir soru de\u011fil\u2026<\/p>\n\n\n\n<p>Kar topu gibi b\u00fcy\u00fcyerek artan iklim krizine kar\u015f\u0131 bireysel hayatlar\u0131m\u0131zda neler yapabiliriz? Kan\u0131mca \u00e7ok \u015fey\u2026 Her ne kadar devletlerin, sanayinin yapt\u0131r\u0131m\u0131 daha b\u00fcy\u00fck olsa da \u2018deniz y\u0131ld\u0131z\u0131\u2019 misali bizlerinde yapabilece\u011fi \u015feyler var. Her \u015feyden \u00f6te, elimizdeki en k\u0131ymetli g\u00fc\u00e7, sat\u0131n alma g\u00fcc\u00fcd\u00fcr. Bu g\u00fcc\u00fc do\u011fruya y\u00f6nlendirerek bile iklim de\u011fi\u015fikli\u011finin olumsuz etkilerine dur diyebiliriz\u2026<\/p>\n\n\n\n<h3 class=\"wp-block-heading\">Neler Yap\u0131labilir?<\/h3>\n\n\n\n<p><strong>Ormans\u0131zla\u015fmaya kar\u015f\u0131 durun!<\/strong> <\/p>\n\n\n\n<p>\u0130nsan kaynakl\u0131 sera gaz\u0131 emisyonlar\u0131n\u0131n %17\u2019si ba\u015fta ormans\u0131zla\u015fma olmak \u00fczere arazi kullan\u0131m\u0131ndaki de\u011fi\u015fimden kaynaklan\u0131yor. * A\u011fa\u00e7lardan bir\u00e7ok hammadde ve nihai \u00fcr\u00fcn elde ediliyor. \u00d6rne\u011fin yakacak olarak kullan\u0131lan odunlar, mobilya malzemeleri, a\u011fa\u00e7lar\u0131n sel\u00fclozundan elde edilen ka\u011f\u0131t ve iplik yap\u0131m\u0131nda kullan\u0131lan lifler bunlardan baz\u0131lar\u0131\u2026 A\u011fa\u00e7lar\u0131n yeti\u015fme s\u00fcrelerini de\u011ferlendirdi\u011fimizde, bu \u00fcr\u00fcnleri t\u00fcketme h\u0131z\u0131m\u0131za yeti\u015fmeleri m\u00fcmk\u00fcn m\u00fc?<\/p>\n\n\n\n<p><strong>Ucuz diye almay\u0131n! <\/strong><\/p>\n\n\n\n<p>Bir \u00fcr\u00fcn ucuz ise bilin ki ya hammaddesinde ya da is\u00e7ili\u011finde maliyet d\u00fc\u015f\u00fcrmek ad\u0131na \u2018s\u00fcrd\u00fcr\u00fclebilir\u2019 olmayan bir y\u00f6ntem tercih ediliyordur. Ne emek h\u0131rs\u0131zl\u0131\u011f\u0131na ne de \u00e7evreye zarar\u0131 dokunmu\u015f bir \u00fcr\u00fcne sahip olmak istemezsiniz, de\u011fil mi?<\/p>\n\n\n\n<p><strong>Yenilenebilir enerji kaynaklar\u0131n\u0131 tercih edin!<\/strong> <\/p>\n\n\n\n<p>\u00dclkemizde bu konu ciddi bir sorun. Elektrik \u00fcretimimiz b\u00fcy\u00fck oranda, ithal etti\u011fimiz do\u011falgaz kayna\u011f\u0131na ba\u011fl\u0131. Yenilenebilir enerji yat\u0131r\u0131mlar\u0131yla ilgili devletin ciddi te\u015fvikleri olmas\u0131na ra\u011fmen, d\u00f6n\u00fc\u015f\u00fcm h\u0131z\u0131m\u0131z maalesef yava\u015f. Bir\u00e7ok insan istese bile elektrikli ara\u00e7lar\u0131 tercih edemiyor. \u00c7\u00fcnk\u00fc altyap\u0131m\u0131zda eksiklikler var. Yine de talep ederek bu d\u00f6n\u00fc\u015f\u00fcm\u00fc h\u0131zland\u0131rmak durumunday\u0131z. Bir\u00e7ok Avrupa \u015fehir merkezine dizel ara\u00e7lar\u0131n giri\u015fi yasakland\u0131. Bu uygulamalar\u0131n, uzak de\u011fil \u00e7ok yak\u0131n bir gelecekte bizim tercihlerimizde de farkl\u0131l\u0131klar yarataca\u011f\u0131 a\u015fik\u00e2r\u2026<\/p>\n\n\n\n<p><strong>Geri d\u00f6n\u00fc\u015f\u00fcm\u00fc yayg\u0131nla\u015ft\u0131r\u0131n!<\/strong> <\/p>\n\n\n\n<p>Tabi ki \u00f6ncelik s\u0131f\u0131r at\u0131k olu\u015fturan se\u00e7enekleri tercih etmek olmal\u0131. Ambalajs\u0131z \u00fcr\u00fcnlere y\u00f6nelmek, tek kullan\u0131ml\u0131k plastiklerden uzak durmak elzem. \u0130lla ki bir at\u0131\u011f\u0131m\u0131z olu\u015fuyorsa, bunu geri d\u00f6n\u00fc\u015f\u00fcme y\u00f6nlendirmek k\u0131ymetli bir \u00e7abad\u0131r. Hem \u00e7evre kirlili\u011fi azal\u0131r, hem de enerji tasarrufu sa\u011flar\u0131z.<\/p>\n\n\n\n<p><strong>Su kullan\u0131m\u0131na dikkat edin!<\/strong> <\/p>\n\n\n\n<p>D\u00fcnya y\u00fczeyindeki mevcut suyun %1\u2019inden daha az bir k\u0131sm\u0131 ekosistem ve insan kullan\u0131m\u0131na elveri\u015fli olan tatl\u0131 su kaynaklar\u0131ndan olu\u015fuyor. \u015eu an 1,4 milyar insan temiz su kaynaklar\u0131ndan yoksun. H\u0131zl\u0131 n\u00fcfus art\u0131\u015f\u0131, iklim de\u011fi\u015fikli\u011fine ba\u011fl\u0131 olarak de\u011fi\u015fen ya\u011f\u0131\u015f modelleri ve k\u00fcresel \u0131s\u0131nma gibi nedenlerle tatl\u0131 su kaynaklar\u0131 her ge\u00e7en y\u0131l azal\u0131yor. 2030 y\u0131l\u0131nda, d\u00fcnyada su ihtiyac\u0131n\u0131n yakla\u015f\u0131k %50 oran\u0131nda artaca\u011f\u0131 tahmin ediliyor. T\u00fcrkiye gelecekte su k\u0131tl\u0131\u011f\u0131 ya\u015fayabilecek \u00fclkeler kategorisinde yer al\u0131yor. \u00dc\u00e7 yan\u0131m\u0131z su ile \u00e7evrili diye kendimizi avutmayal\u0131m, suyumuz k\u0131ymetli bir kaynakt\u0131r ve gelecek nesillerin muhta\u00e7 olmamas\u0131 ad\u0131na bug\u00fcnden kirlenmemesine ve bilin\u00e7li t\u00fcketimine dikkat etmemiz gereklidir.<\/p>\n\n\n\n<p>Muhammed \u0130kbal\u2019in dedi\u011fi gibi; \u2018\u2019<em>Harekette birlik olmazsa, fikirdeki birlik faydas\u0131zd\u0131r.<\/em>\u2019\u2019 S\u00fcrd\u00fcr\u00fclebilir bir gelecek i\u00e7in birlikte harekete var m\u0131s\u0131n?<\/p>\n\n\n\n<p class=\"has-small-font-size\">Kaynaklar: wwf.org.tr, herkesbilimteknoloji.com<\/p>\n","protected":false},"excerpt":{"rendered":"<p>\u0130klim De\u011fi\u015fikli\u011fine Dur De! Sanayi Devrimi sonras\u0131 yeni \u00fcretim \u015fekilleri ve \u00fcr\u00fcn \u00e7e\u015fitlili\u011fi hepimizin hayat\u0131nda farkl\u0131 t\u00fcketim al\u0131\u015fkanl\u0131klar\u0131 yerle\u015ftirdi. \u00c7e\u015fitlilik artt\u0131k\u00e7a ihtiya\u00e7 sahibi ve t\u00fckettik\u00e7e mutlu hissetti\u011fimiz bir ya\u015fam tarz\u0131n\u0131 benimsedik. \u0130htiya\u00e7 tan\u0131m\u0131 de\u011fi\u015fti\u011fi gibi mutluluk tan\u0131m\u0131 da de\u011fi\u015fti. Peki, bu mutluluk ger\u00e7ek mi? Cevab\u0131 kolay bir soru de\u011fil\u2026 Kar topu gibi b\u00fcy\u00fcyerek artan iklim<\/p>\n","protected":false},"author":2,"featured_media":0,"comment_status":"closed","ping_status":"closed","sticky":false,"template":"","format":"standard","meta":{"footnotes":""},"categories":[1],"tags":[],"_links":{"self":[{"href":"https:\/\/atlas-scc.com\/tr\/wp-json\/wp\/v2\/posts\/1100"}],"collection":[{"href":"https:\/\/atlas-scc.com\/tr\/wp-json\/wp\/v2\/posts"}],"about":[{"href":"https:\/\/atlas-scc.com\/tr\/wp-json\/wp\/v2\/types\/post"}],"author":[{"embeddable":true,"href":"https:\/\/atlas-scc.com\/tr\/wp-json\/wp\/v2\/users\/2"}],"replies":[{"embeddable":true,"href":"https:\/\/atlas-scc.com\/tr\/wp-json\/wp\/v2\/comments?post=1100"}],"version-history":[{"count":6,"href":"https:\/\/atlas-scc.com\/tr\/wp-json\/wp\/v2\/posts\/1100\/revisions"}],"predecessor-version":[{"id":1125,"href":"https:\/\/atlas-scc.com\/tr\/wp-json\/wp\/v2\/posts\/1100\/revisions\/1125"}],"wp:attachment":[{"href":"https:\/\/atlas-scc.com\/tr\/wp-json\/wp\/v2\/media?parent=1100"}],"wp:term":[{"taxonomy":"category","embeddable":true,"href":"https:\/\/atlas-scc.com\/tr\/wp-json\/wp\/v2\/categories?post=1100"},{"taxonomy":"post_tag","embeddable":true,"href":"https:\/\/atlas-scc.com\/tr\/wp-json\/wp\/v2\/tags?post=1100"}],"curies":[{"name":"wp","href":"https:\/\/api.w.org\/{rel}","templated":true}]}}