{"id":1385,"date":"2024-02-20T23:22:27","date_gmt":"2024-02-20T20:22:27","guid":{"rendered":"http:\/\/atlas-scc.com\/sustainability-trends-in-2024-and-beyond\/"},"modified":"2024-07-04T16:40:30","modified_gmt":"2024-07-04T13:40:30","slug":"sustainability-trends-in-2024-and-beyond","status":"publish","type":"post","link":"https:\/\/atlas-scc.com\/tr\/sustainability-trends-in-2024-and-beyond\/","title":{"rendered":"2024 ve sonras\u0131nda S\u00fcrd\u00fcr\u00fclebilirlik Trendleri"},"content":{"rendered":"\n<figure class=\"wp-block-image size-large\"><img loading=\"lazy\" decoding=\"async\" width=\"1024\" height=\"576\" src=\"http:\/\/atlas-scc.com\/wp-content\/uploads\/\/sustainabilitytrends-1024x576.jpeg\" alt=\"\" class=\"wp-image-1380\" srcset=\"https:\/\/atlas-scc.com\/wp-content\/uploads\/sustainabilitytrends-1024x576.jpeg 1024w, https:\/\/atlas-scc.com\/wp-content\/uploads\/sustainabilitytrends-300x169.jpeg 300w, https:\/\/atlas-scc.com\/wp-content\/uploads\/sustainabilitytrends-768x432.jpeg 768w, https:\/\/atlas-scc.com\/wp-content\/uploads\/sustainabilitytrends.jpeg 1366w\" sizes=\"(max-width: 1024px) 100vw, 1024px\" \/><\/figure>\n\n\n\n<h2 class=\"wp-block-heading\">2024 ve sonras\u0131nda S\u00fcrd\u00fcr\u00fclebilirlik Trendleri<\/h2>\n\n\n\n<p>Elif \u00d6zt\u00fcrk \/\/ 19.02.2024<\/p>\n\n\n\n<p>Gezegenimizin sa\u011fl\u0131\u011f\u0131 g\u00fcndelik ba\u015fl\u0131klar\u0131 doldururken, bireyler ve i\u015fletmeler de\u011fi\u015fime y\u00f6nelik bask\u0131y\u0131 hissediyorlar. Bu kapsamda da 2024&#8217;te s\u00fcrd\u00fcr\u00fclebilirlik trendlerinin neler olaca\u011f\u0131 merak konusu. Uzmanlar\u0131n g\u00f6r\u00fc\u015flerinden derledi\u011fimiz 2024\u2019te bizi bekleyen trendler neler beraber inceleyelim.<\/p>\n\n\n\n<h4 class=\"wp-block-heading\">1. Yenilenebilir Enerjiye Y\u00f6nelme<\/h4>\n\n\n\n<p>Uzmanlar aras\u0131ndaki mutabakat, 2024&#8217;te yenilenebilir enerji kaynaklar\u0131n\u0131n benimsenmesindeki art\u0131\u015fta yat\u0131yor. \u00c7at\u0131lar\u0131 s\u00fcsleyen g\u00fcne\u015f panellerinden \u0131s\u0131 pompalar\u0131n\u0131n kurulumuna kadar, bireyler ve i\u015fletmeler s\u00fcrd\u00fcr\u00fclebilir enerji \u00e7\u00f6z\u00fcmlerini benimsemeye ba\u015flad\u0131lar. \u00c7evresel etkinin azalt\u0131lmas\u0131 ve \u00f6nemli miktarda maliyet tasarrufu, yenilenebilir enerjiye y\u00f6nelik bu ge\u00e7i\u015fin arkas\u0131ndaki g\u00fc\u00e7.<\/p>\n\n\n\n<h4 class=\"wp-block-heading\">2. Oda\u011f\u0131n Geri d\u00f6n\u00fc\u015f\u00fcmde Artmas\u0131<\/h4>\n\n\n\n<p>Geri d\u00f6n\u00fc\u015f\u00fcm yeni bir kavram olmasa da 2024&#8217;te \u00f6nemi daha da b\u00fcy\u00fcyor. \u0130\u015fletmeler ve t\u00fcketiciler, at\u0131k miktar\u0131n\u0131 azaltma ve geri d\u00f6n\u00fc\u015f\u00fcm\u00fc \u00f6zenle yapma gere\u011fini kabul ediyorlar. \u00dcreticilerin s\u00fcrd\u00fcr\u00fclebilir ambalaj uygulamalar\u0131n\u0131n \u00f6nc\u00fcl\u00fc\u011f\u00fcn\u00fc yapmas\u0131 ve h\u00fck\u00fcmetlerin s\u0131k\u0131 geri d\u00f6n\u00fc\u015f\u00fcm hedefleri belirlemesi, geri d\u00f6n\u00fc\u015f\u00fcm\u00fcn k\u00fcresel s\u00fcrd\u00fcr\u00fclebilirlik \u00e7abalar\u0131n\u0131n temel bir dire\u011fi haline gelmesini sa\u011fl\u0131yor.<\/p>\n\n\n\n<h4 class=\"wp-block-heading\">3. Ula\u015f\u0131m ve Altyap\u0131da Geli\u015fmeler<\/h4>\n\n\n\n<p>Ula\u015f\u0131m alan\u0131nda ye\u015fil bir devrim ya\u015fan\u0131yor ve s\u00fcrd\u00fcr\u00fclebilir alternatiflerin, elektrikli ara\u00e7lardan iyile\u015ftirilmi\u015f toplu ta\u015f\u0131ma sistemlerine kadar y\u00fckseli\u015fi g\u00f6zlemleniyor. Geleneksel ula\u015f\u0131m y\u00f6ntemlerinin \u00e7evresel etkisinin fark\u0131ndal\u0131\u011f\u0131 artt\u0131k\u00e7a, belediyeler ve \u00f6zel \u015firketler iklim dostu ula\u015f\u0131m \u00e7\u00f6z\u00fcmlerine yat\u0131r\u0131m yap\u0131yorlar.<\/p>\n\n\n\n<h4 class=\"wp-block-heading\">4. G\u0131da \u0130sraf\u0131n\u0131n \u00d6nlenmesi<\/h4>\n\n\n\n<p>G\u0131da israf\u0131, 2024&#8217;te \u00f6nemli bir yer kapl\u0131yor. Kompostlama giri\u015fimlerinden organik at\u0131k y\u00f6netimini yasal olarak zorunlu k\u0131lan yasal d\u00fczenlemelere kadar, g\u0131da israf\u0131n\u0131n azalt\u0131lmas\u0131 i\u00e7in \u00e7abalar k\u00fcresel olarak ivme kazan\u0131yor. D\u00f6ng\u00fcsel bir ekonomiye ge\u00e7i\u015f, g\u0131da israf\u0131n\u0131 en aza indirme ve kaynak verimlili\u011fini maksimum d\u00fczeye \u00e7\u0131karma konusunda kolektif bir taahh\u00fcd\u00fc gerektirir.<\/p>\n\n\n\n<h4 class=\"wp-block-heading\">5. \u0130kinci El T\u00fcketimin Benimsenmesi<\/h4>\n\n\n\n<p>\u0130kinci el al\u0131\u015fveri\u015fin y\u00fckseli\u015fi, bilin\u00e7li t\u00fcketim anlay\u0131\u015f\u0131na bir d\u00f6n\u00fc\u015f\u00fc simgeliyor. Vintage k\u0131yafetlerden yenilenmi\u015f mobilyalara, t\u00fcketiciler \u00e7evresel etkiyi azaltan s\u00fcrd\u00fcr\u00fclebilir alternatifleri benimsiyorlar.<\/p>\n\n\n\n<h4 class=\"wp-block-heading\">6. S\u00fcrd\u00fcr\u00fclebilir Malzemelerin Y\u00fckseli\u015fi<\/h4>\n\n\n\n<p>S\u00fcrd\u00fcr\u00fclebilir malzemelerdeki yenilikler, yenilenebilir kaynaklar\u0131n kullan\u0131lmas\u0131 ve \u00e7evresel etkinin azalt\u0131lmas\u0131 a\u00e7\u0131s\u0131ndan yeni bir \u00e7a\u011f\u0131n ba\u015flang\u0131c\u0131n\u0131 m\u00fcjdeliyor. Ambalajlama i\u00e7in bambudan organik pamuklu tekstillere, end\u00fcstriler yenilenebilir kaynaklara do\u011fru kay\u0131yor ve \u00e7evresel etkiyi en aza indirirken dayan\u0131kl\u0131l\u0131\u011f\u0131 ve \u015f\u0131kl\u0131\u011f\u0131 maksimuma \u00e7\u0131kar\u0131yorlar.<\/p>\n\n\n\n<h4 class=\"wp-block-heading\">7. Markalar\u0131n Sorumlulu\u011funun Artmas\u0131<\/h4>\n\n\n\n<p>T\u00fcketiciler markalar\u0131 \u00e7evresel y\u00f6netimleri ve \u015feffafl\u0131klar\u0131 konusunda giderek daha fazla sorguluyorlar. \u0130\u015fletmeler, s\u00fcrd\u00fcr\u00fclebilir uygulamalar\u0131 benimseyerek ve etik standartlar\u0131 koruyarak t\u00fcketici g\u00fcvenini elde tutma ve rekabet\u00e7i bir pazarda kalma bask\u0131s\u0131 alt\u0131ndalar.<\/p>\n\n\n\n<h4 class=\"wp-block-heading\">8. \u0130klim Eylemi i\u00e7in Teknolojik \u0130novasyonlar<\/h4>\n\n\n\n<p>Keskin teknolojiler, iklim de\u011fi\u015fikli\u011fiyle m\u00fccadelede ve s\u00fcrd\u00fcr\u00fclebilirli\u011fi desteklemede \u00f6nemli bir rol oynuyor. Ak\u0131ll\u0131 termostatlardan enerji verimli cihazlara, teknolojik yenilikler bireyleri ve i\u015fletmeleri karbon ayak izlerini azaltmaya ve s\u00fcrd\u00fcr\u00fclebilir ya\u015fam\u0131 benimsemeye te\u015fvik ediyor.<\/p>\n\n\n\n<h4 class=\"wp-block-heading\">9. Evden \u00c7al\u0131\u015fma Modelinin S\u00fcrd\u00fcr\u00fclebilirli\u011fi Tetiklemesi<\/h4>\n\n\n\n<p>Pandeminin ba\u015flamas\u0131yla birlikte evden \u00e7al\u0131\u015fma modeli, i\u015f ve \u00f6zel ya\u015fam dengesini geli\u015ftirmenin yan\u0131 s\u0131ra \u00e7evresel faydalar sa\u011fl\u0131yor. Uzaktan \u00e7al\u0131\u015fma, emisyonlar\u0131 azaltarak ve ofislerde enerji t\u00fcketimini azaltarak \u00e7evresel faydalar sunuyor.<\/p>\n\n\n\n<h4 class=\"wp-block-heading\">10. Bitkisel ve Alternatif G\u0131da Talebi<\/h4>\n\n\n\n<p>Bitkisel bazl\u0131 diyetlerin benimsenmesi, geleneksel g\u0131da \u00fcretim y\u00f6ntemlerinin \u00e7evresel etkisinin fark\u0131nda olan bir bilin\u00e7 art\u0131\u015f\u0131n\u0131 yans\u0131t\u0131yor. Bitkisel et yedeklerinden s\u00fct alternatiflerine kadar, t\u00fcketiciler gezegen sa\u011fl\u0131\u011f\u0131n\u0131 ve ki\u015fisel refahlar\u0131n\u0131 koruyan s\u00fcrd\u00fcr\u00fclebilir g\u0131da se\u00e7imlerini benimsiyorlar.<\/p>\n\n\n\n<p>Sonu\u00e7 olarak, 2024&#8217;teki s\u00fcrd\u00fcr\u00fclebilirlik trendleri, gezegenimizi koruma ve daha diren\u00e7li bir gelecek in\u015fa etme konusundaki kolektif taahh\u00fcd\u00fc yans\u0131t\u0131yor. Bu trendler ivme kazand\u0131k\u00e7a, d\u00f6n\u00fc\u015ft\u00fcr\u00fcc\u00fc de\u011fi\u015fimin kap\u0131lar\u0131n\u0131 aralayarak daha ye\u015fil ve s\u00fcrd\u00fcr\u00fclebilir bir d\u00fcnya i\u00e7in yolu a\u00e7\u0131yorlar. Gelecek nesiller i\u00e7in daha parlak bir yar\u0131n i\u00e7in ortak \u00e7aba ve i\u015fbirli\u011fiyle bunu ba\u015farabiliriz.<\/p>\n\n\n\n<p class=\"has-text-align-right\"><\/p>\n","protected":false},"excerpt":{"rendered":"<p>2024 ve sonras\u0131nda S\u00fcrd\u00fcr\u00fclebilirlik Trendleri Elif \u00d6zt\u00fcrk \/\/ 19.02.2024 Gezegenimizin sa\u011fl\u0131\u011f\u0131 g\u00fcndelik ba\u015fl\u0131klar\u0131 doldururken, bireyler ve i\u015fletmeler de\u011fi\u015fime y\u00f6nelik bask\u0131y\u0131 hissediyorlar. Bu kapsamda da 2024&#8217;te s\u00fcrd\u00fcr\u00fclebilirlik trendlerinin neler olaca\u011f\u0131 merak konusu. Uzmanlar\u0131n g\u00f6r\u00fc\u015flerinden derledi\u011fimiz 2024\u2019te bizi bekleyen trendler neler beraber inceleyelim. 1. Yenilenebilir Enerjiye Y\u00f6nelme Uzmanlar aras\u0131ndaki mutabakat, 2024&#8217;te yenilenebilir enerji kaynaklar\u0131n\u0131n benimsenmesindeki art\u0131\u015fta yat\u0131yor.<\/p>\n","protected":false},"author":2,"featured_media":0,"comment_status":"closed","ping_status":"open","sticky":false,"template":"","format":"standard","meta":{"footnotes":""},"categories":[1],"tags":[],"_links":{"self":[{"href":"https:\/\/atlas-scc.com\/tr\/wp-json\/wp\/v2\/posts\/1385"}],"collection":[{"href":"https:\/\/atlas-scc.com\/tr\/wp-json\/wp\/v2\/posts"}],"about":[{"href":"https:\/\/atlas-scc.com\/tr\/wp-json\/wp\/v2\/types\/post"}],"author":[{"embeddable":true,"href":"https:\/\/atlas-scc.com\/tr\/wp-json\/wp\/v2\/users\/2"}],"replies":[{"embeddable":true,"href":"https:\/\/atlas-scc.com\/tr\/wp-json\/wp\/v2\/comments?post=1385"}],"version-history":[{"count":5,"href":"https:\/\/atlas-scc.com\/tr\/wp-json\/wp\/v2\/posts\/1385\/revisions"}],"predecessor-version":[{"id":1750,"href":"https:\/\/atlas-scc.com\/tr\/wp-json\/wp\/v2\/posts\/1385\/revisions\/1750"}],"wp:attachment":[{"href":"https:\/\/atlas-scc.com\/tr\/wp-json\/wp\/v2\/media?parent=1385"}],"wp:term":[{"taxonomy":"category","embeddable":true,"href":"https:\/\/atlas-scc.com\/tr\/wp-json\/wp\/v2\/categories?post=1385"},{"taxonomy":"post_tag","embeddable":true,"href":"https:\/\/atlas-scc.com\/tr\/wp-json\/wp\/v2\/tags?post=1385"}],"curies":[{"name":"wp","href":"https:\/\/api.w.org\/{rel}","templated":true}]}}