{"id":1500,"date":"2024-04-23T10:57:01","date_gmt":"2024-04-23T07:57:01","guid":{"rendered":"http:\/\/atlas-scc.com\/?p=1500"},"modified":"2024-07-04T16:38:05","modified_gmt":"2024-07-04T13:38:05","slug":"sinirda-karbon-duzenleme-mekanizmasina-genel-bir-bakis","status":"publish","type":"post","link":"https:\/\/atlas-scc.com\/tr\/sinirda-karbon-duzenleme-mekanizmasina-genel-bir-bakis\/","title":{"rendered":"S\u0131n\u0131rda Karbon D\u00fczenleme Mekanizmas\u0131&#8217;na Genel Bir Bak\u0131\u015f"},"content":{"rendered":"\n<figure class=\"wp-block-gallery has-nested-images columns-default is-cropped wp-block-gallery-1 is-layout-flex wp-block-gallery-is-layout-flex\">\n<figure class=\"wp-block-image size-large\"><img loading=\"lazy\" decoding=\"async\" width=\"1024\" height=\"576\" data-id=\"1501\" src=\"http:\/\/atlas-scc.com\/wp-content\/uploads\/share_image_generated-1-1024x576.png\" alt=\"\" class=\"wp-image-1501\" srcset=\"https:\/\/atlas-scc.com\/wp-content\/uploads\/share_image_generated-1-1024x576.png 1024w, https:\/\/atlas-scc.com\/wp-content\/uploads\/share_image_generated-1-300x169.png 300w, https:\/\/atlas-scc.com\/wp-content\/uploads\/share_image_generated-1-768x432.png 768w, https:\/\/atlas-scc.com\/wp-content\/uploads\/share_image_generated-1-1536x864.png 1536w, https:\/\/atlas-scc.com\/wp-content\/uploads\/share_image_generated-1.png 1920w\" sizes=\"(max-width: 1024px) 100vw, 1024px\" \/><\/figure>\n<\/figure>\n\n\n\n<h2 class=\"wp-block-heading\">S\u0131n\u0131rda Karbon D\u00fczenleme Mekanizmas\u0131&#8217;na Genel Bir Bak\u0131\u015f<\/h2>\n\n\n\n<p>Nilg\u00fcn Aytekin \/\/ 08.04.2023<\/p>\n\n\n\n<p>\u0130klim de\u011fi\u015fikli\u011finin, d\u00fcnya genelinde giderek artan bir tehdit kayna\u011f\u0131 haline geldi\u011finin art\u0131k hepimiz fark\u0131nday\u0131z. Sera gaz\u0131 emisyonlar\u0131ndaki art\u0131\u015f, k\u00fcresel \u0131s\u0131nma, a\u015f\u0131r\u0131 hava olaylar\u0131 ve biyolojik \u00e7e\u015fitlilik kayb\u0131 gibi \u00e7evresel sorunlarla m\u00fccadele i\u00e7in devletlerin etkili \u00f6nlemler almas\u0131 gerektlili\u011fi do\u011fdu. Bu ba\u011flamda, S\u0131n\u0131rda Karbon D\u00fczenleme Mekanizmas\u0131 \u00f6nemli bir \u00e7\u00f6z\u00fcm olarak \u00f6ne \u00e7\u0131k\u0131yor.<\/p>\n\n\n\n<h4 class=\"wp-block-heading\">S\u0131n\u0131rda Karbon D\u00fczenleme Mekanizmas\u0131 (SKDM) nedir?<\/h4>\n\n\n\n<p>SKDM, Avrupa Birli\u011fi (AB) s\u0131n\u0131rlar\u0131 dahilinde ticari mallar\u0131n \u00fcretimi esnas\u0131nda olu\u015fan karbon maliyetlerine e\u015fde\u011fer bir maliyetin AB \u00fclkelerine ithal edilen mallara da uygulanmas\u0131na ili\u015fkin d\u00fczenleyici bir sistemdir. Temel hedef, karbon emisyonlar\u0131n\u0131 kontrol alt\u0131na almak ve AB&#8217;ye ithal edilen \u00fcr\u00fcnlerin yerel olarak \u00fcretilenlerle ayn\u0131 \u00e7evresel standartlara uygun olmas\u0131n\u0131 sa\u011flamakt\u0131r.<\/p>\n\n\n\n<p>SKDM\u2019nin, asl\u0131nda Emisyon Ticaret Sistemi (ETS)\u2019nin bir uzant\u0131s\u0131 olarak hayat\u0131m\u0131za girdi\u011fini s\u00f6yleyebiliriz. Emisyon Ticaret Sistemi ile \u015firketlere tahsis edilen emisyon de\u011ferlerinin s\u0131n\u0131rlar\u0131n\u0131n zaman i\u00e7erisinde kademeli olarak azalt\u0131lmas\u0131 planlan\u0131yor. Sistemin amac\u0131, i\u015fletmelerin ye\u015fil enerji kaynaklar\u0131na y\u00f6nelmesi ve emisyon sal\u0131mlar\u0131n\u0131 ekonomik bir zarara u\u011framadan s\u0131f\u0131rlamas\u0131 olarak ifade ediliyor. ETS, iklim de\u011fi\u015fikli\u011fi ile m\u00fccadelede en etkin ara\u00e7lardan birisi olsa da, risk te\u015fkil eden bir unsur bulunduruyor.<\/p>\n\n\n\n<p>ETS uygulamas\u0131na ge\u00e7en \u00fclkelerde, s\u0131n\u0131r de\u011fer \u00fczerinde kalan i\u015fletmeler ya ek maliyetle farkl\u0131 firmalar\u0131n tahsisatlar\u0131ndan almak durumunda kalacak ya da vergi \u00f6deyecek. S\u0131n\u0131r de\u011ferlerin iyice azald\u0131\u011f\u0131 zamanlarda i\u015fletmelerin \u00f6demeleri gereken karbon vergilerinde art\u0131\u015f olaca\u011f\u0131 \u00f6ng\u00f6r\u00fcl\u00fcyor. Bu durum, vergileri \u00f6demek istemeyen \u00fcreticilerin, \u00e7evre y\u00fck\u00fcml\u00fcl\u00fckleri hen\u00fcz kanun ve mevzuatlarla belirlenmemi\u015f ve tabir yerindeyse karbon kirlili\u011finin hen\u00fcz ekonomik bir de\u011fere d\u00f6n\u00fc\u015fmedi\u011fi \u00fclkelere ka\u00e7mas\u0131 ihtimalini do\u011furuyor. &nbsp;&#8216;Karbon s\u0131z\u0131nt\u0131s\u0131&#8217; olarak adland\u0131r\u0131lan b\u00f6yle bir risk k\u00fcresel iklim \u00e7abalar\u0131n\u0131n ciddi \u015fekilde zay\u0131flat\u0131lmas\u0131na neden olabilir. &nbsp;Bu noktada, karbon s\u0131z\u0131nt\u0131s\u0131n\u0131 engellemek i\u00e7in g\u00f6m\u00fcl\u00fc emisyonlar\u0131n vergilendirilece\u011fi SKDM devreye giriyor.<\/p>\n\n\n\n<h4 class=\"wp-block-heading\">S\u0131n\u0131rda Karbon D\u00fczenleme Mekanizmas\u0131 nas\u0131l uygulanacak?<\/h4>\n\n\n\n<p>Avrupa Ye\u015fil Mutabakat\u0131&#8217;n\u0131n \u00f6nemli bir par\u00e7as\u0131n\u0131 olu\u015fturan S\u0131n\u0131rda Karbon D\u00fczenleme Mekanizmas\u0131\u2019n\u0131n (SKDM) ge\u00e7i\u015f d\u00f6nemi 1 Ekim 2023 tarihi itibar\u0131yla y\u00fcr\u00fcrl\u00fc\u011f\u00fc girdi ve 2025 sonunda tamamlamas\u0131 hedefleniyor. Ba\u015flang\u0131\u00e7ta yaln\u0131zca y\u00fcksek karbon ka\u00e7a\u011f\u0131 riski ta\u015f\u0131yan 6 sekt\u00f6rde (Demir-\u00c7elik, \u00c7imento, G\u00fcbre, Al\u00fcminyum, Elektrik ve Hidrojen) ba\u015flad\u0131. Bu sekt\u00f6rler dahilinde kapsama al\u0131nan \u00fcr\u00fcnlerde, ithalat\u00e7\u0131lar ilk etapta \u00fcr\u00fcnlerinde bulunan emisyonlar\u0131 \u00fc\u00e7 ayl\u0131k periyotlar halinde raporlamakla y\u00fck\u00fcml\u00fc olacak. 1 Ocak 2026 tarihinden itibaren, SKDM \u00fcr\u00fcnleri ithalat\u00e7\u0131lar\u0131, ulusal SKDM otoritesine kay\u0131t olmak zorunda olacaklar ve SKDM kayd\u0131 i\u00e7in ba\u015fvurular 1 Ocak 2025 tarihinden itibaren kabul edilecektir. Ek olarak, 1 Ocak 2026 tarihinden itibaren i\u015fletmeler, AB d\u0131\u015f\u0131nda SKDM \u00fcr\u00fcnlerinin \u00fcretiminden kaynaklanan karbon emisyonlar\u0131n\u0131 \u00f6demekle y\u00fck\u00fcml\u00fc olacaklar ve bunun i\u00e7in ulusal SKDM otoritesinden emisyonlar\u0131na kar\u015f\u0131l\u0131k gelen SKDM sertifikalar\u0131n\u0131 sat\u0131n almalar\u0131 gerekecektir. Sekiz y\u0131ll\u0131k bir s\u00fcre zarf\u0131nda ise, SKDM ayr\u0131ca AB Emisyon Ticaret Sistemi (ETS) kapsam\u0131nda verilen \u00fccretsiz kotalar\u0131n yerini alacakt\u0131r. Bu \u015fekilde, SKDM, AB \u00fcreticileri i\u00e7in emisyonlar\u0131 azaltmaya y\u00f6nelik \u00f6nemli bir te\u015fvik olacakt\u0131r.<\/p>\n\n\n\n<p>\u00d6zetle, S\u0131n\u0131rda Karbon D\u00fczenleme Mekanizmas\u0131, iklim de\u011fi\u015fikli\u011fiyle m\u00fccadelede \u00f6nemli bir ara\u00e7 olarak \u00f6n plana \u00e7\u0131kmaktad\u0131r. K\u00fcresel \u0131s\u0131nman\u0131n etkilerini azaltmak ve \u00e7evresel s\u00fcrd\u00fcr\u00fclebilirli\u011fi sa\u011flamak i\u00e7in uluslararas\u0131 topluluk taraf\u0131ndan benimsenen bu mekanizma, karbon emisyonlar\u0131n\u0131 azaltma \u00e7abalar\u0131n\u0131 desteklemekte ve k\u00fcresel iklim hedeflerine ula\u015fma yolunda \u00f6nemli bir ad\u0131m olarak kabul edilmektedir. SKDM ile ilgili t\u00fcm g\u00fcncel bilgilere linkten ula\u015fabilirsiniz: <a><\/a><a href=\"https:\/\/lnkd.in\/dmjK583S\">https:\/\/lnkd.in\/dmjK583S<\/a><br><br><\/p>\n\n\n\n<p>Kaynaklar:<\/p>\n\n\n\n<p>European Commission &#8211; Border Carbon Adjustment Mechanism<\/p>\n\n\n\n<p>European Commission, 2020: European Green Deal. Communication from the Commission to the European Parliament, the European Council, the Council, the European Economic and Social Committee and the Committee of the Regions. COM(2019) 640 final.<\/p>\n\n\n\n<p>AB Emisyon Ticaret Sistemi ve S\u0131n\u0131rda Karbon D\u00fczenleme Mekanizmas\u0131, Say\u0131:AYM-5, GA\u0130B E\u011fitim ve Ekonomik Ara\u015ft\u0131rmalar \u015eubesi, Kas\u0131m 2022<\/p>\n","protected":false},"excerpt":{"rendered":"<p>S\u0131n\u0131rda Karbon D\u00fczenleme Mekanizmas\u0131&#8217;na Genel Bir Bak\u0131\u015f Nilg\u00fcn Aytekin \/\/ 08.04.2023 \u0130klim de\u011fi\u015fikli\u011finin, d\u00fcnya genelinde giderek artan bir tehdit kayna\u011f\u0131 haline geldi\u011finin art\u0131k hepimiz fark\u0131nday\u0131z. Sera gaz\u0131 emisyonlar\u0131ndaki art\u0131\u015f, k\u00fcresel \u0131s\u0131nma, a\u015f\u0131r\u0131 hava olaylar\u0131 ve biyolojik \u00e7e\u015fitlilik kayb\u0131 gibi \u00e7evresel sorunlarla m\u00fccadele i\u00e7in devletlerin etkili \u00f6nlemler almas\u0131 gerektlili\u011fi do\u011fdu. Bu ba\u011flamda, S\u0131n\u0131rda Karbon D\u00fczenleme Mekanizmas\u0131<\/p>\n","protected":false},"author":2,"featured_media":0,"comment_status":"closed","ping_status":"open","sticky":false,"template":"","format":"standard","meta":{"footnotes":""},"categories":[1],"tags":[],"_links":{"self":[{"href":"https:\/\/atlas-scc.com\/tr\/wp-json\/wp\/v2\/posts\/1500"}],"collection":[{"href":"https:\/\/atlas-scc.com\/tr\/wp-json\/wp\/v2\/posts"}],"about":[{"href":"https:\/\/atlas-scc.com\/tr\/wp-json\/wp\/v2\/types\/post"}],"author":[{"embeddable":true,"href":"https:\/\/atlas-scc.com\/tr\/wp-json\/wp\/v2\/users\/2"}],"replies":[{"embeddable":true,"href":"https:\/\/atlas-scc.com\/tr\/wp-json\/wp\/v2\/comments?post=1500"}],"version-history":[{"count":2,"href":"https:\/\/atlas-scc.com\/tr\/wp-json\/wp\/v2\/posts\/1500\/revisions"}],"predecessor-version":[{"id":1748,"href":"https:\/\/atlas-scc.com\/tr\/wp-json\/wp\/v2\/posts\/1500\/revisions\/1748"}],"wp:attachment":[{"href":"https:\/\/atlas-scc.com\/tr\/wp-json\/wp\/v2\/media?parent=1500"}],"wp:term":[{"taxonomy":"category","embeddable":true,"href":"https:\/\/atlas-scc.com\/tr\/wp-json\/wp\/v2\/categories?post=1500"},{"taxonomy":"post_tag","embeddable":true,"href":"https:\/\/atlas-scc.com\/tr\/wp-json\/wp\/v2\/tags?post=1500"}],"curies":[{"name":"wp","href":"https:\/\/api.w.org\/{rel}","templated":true}]}}