{"id":1527,"date":"2024-04-16T20:30:01","date_gmt":"2024-04-16T17:30:01","guid":{"rendered":"http:\/\/atlas-scc.com\/?p=1527"},"modified":"2024-04-16T20:53:48","modified_gmt":"2024-04-16T17:53:48","slug":"kapsam-4-emisyonlari","status":"publish","type":"post","link":"https:\/\/atlas-scc.com\/tr\/kapsam-4-emisyonlari\/","title":{"rendered":"Kapsam 4 Emisyonlar\u0131"},"content":{"rendered":"\n<figure class=\"wp-block-image size-full\"><img decoding=\"async\" src=\"http:\/\/atlas-scc.com\/wp-content\/uploads\/matthias-heyde-aBGYL-ue5xo-unsplash-2.jpg\" alt=\"\" class=\"wp-image-1539\"\/><\/figure>\n\n\n\n<h2 class=\"wp-block-heading\">Kapsam 4 Emisyonlar\u0131<\/h2>\n\n\n\n<p>Kaan Vatansever \/\/ 16.04.2024<\/p>\n\n\n\n<p>&#8216;\u00d6nlenen Emisyonlar ya da Ka\u00e7\u0131n\u0131lan Emisyonlar&#8217; olarak da bilinen Kapsam 4 emisyonlar\u0131, sekt\u00f6rde yeni bir kavram olarak yerini almaktad\u0131r. Kurumsal s\u00fcrd\u00fcr\u00fclebilirli\u011fin geli\u015fen ortam\u0131nda, Sera Gaz\u0131 Protokol\u00fc (GHG Protokol\u00fc) taraf\u0131ndan tan\u0131mlanan geleneksel sera gaz\u0131 emisyon kategorilerinin yan\u0131 s\u0131ra &#8216;\u00f6nlenen emisyonlar&#8217; veya Kapsam 4 emisyonlar\u0131 kavram\u0131 da \u00f6nem kazan\u0131yor. Peki nedir bu kapsamlar?<\/p>\n\n\n\n<ul>\n<li>Kapsam 1: Bunlar, \u015firket ara\u00e7lar\u0131 ve \u00fcretim tesislerinden kaynaklanan emisyonlar gibi \u015firketin sahip oldu\u011fu veya kontrol etti\u011fi kaynaklardan kaynaklanan do\u011frudan emisyonlard\u0131r.<\/li>\n<\/ul>\n\n\n\n<ul>\n<li>Kapsam 2: Bu emisyonlar dolayl\u0131 kaynaklardan, \u00f6zellikle de \u015firket taraf\u0131ndan kullan\u0131lan sat\u0131n al\u0131nan elektrik, buhar, \u0131s\u0131tma ve so\u011futma \u00fcretiminden kaynaklanmaktad\u0131r.<\/li>\n<\/ul>\n\n\n\n<ul>\n<li>Kapsam 3: Bu kategori, \u015firketin de\u011fer zincirinin tamam\u0131nda, hem yukar\u0131 y\u00f6nde (\u00f6rne\u011fin, sat\u0131n al\u0131nan malzemelerin \u00fcretiminden) hem de a\u015fa\u011f\u0131 y\u00f6nde (\u00f6rne\u011fin, sat\u0131lan \u00fcr\u00fcnlerin kullan\u0131m\u0131ndan) meydana gelen di\u011fer t\u00fcm dolayl\u0131 emisyonlar\u0131 i\u00e7erir.<\/li>\n<\/ul>\n\n\n\n<ul>\n<li>Kapsam 4: Bu emisyonlar bir \u00fcr\u00fcn\u00fcn ya\u015fam d\u00f6ng\u00fcs\u00fc veya de\u011fer zinciri d\u0131\u015f\u0131nda, ancak o \u00fcr\u00fcn\u00fcn\/hizmetin kullan\u0131lmas\u0131n\u0131n do\u011frudan bir sonucu olarak sera gaz\u0131 emisyonlar\u0131nda meydana gelen azalmalar olarak tan\u0131mlanmaktad\u0131r.<\/li>\n<\/ul>\n\n\n\n<p><\/p>\n\n\n\n<figure class=\"wp-block-image size-full\"><img loading=\"lazy\" decoding=\"async\" width=\"823\" height=\"184\" src=\"http:\/\/atlas-scc.com\/wp-content\/uploads\/image.png\" alt=\"\" class=\"wp-image-1528\" srcset=\"https:\/\/atlas-scc.com\/wp-content\/uploads\/image.png 823w, https:\/\/atlas-scc.com\/wp-content\/uploads\/image-300x67.png 300w, https:\/\/atlas-scc.com\/wp-content\/uploads\/image-768x172.png 768w\" sizes=\"(max-width: 823px) 100vw, 823px\" \/><figcaption class=\"wp-element-caption\">Kaynak: <a href=\"https:\/\/www.isometrix.com\/blog\/scope-4-emissions\/\">https:\/\/www.isometrix.com\/blog\/scope-4-emissions\/<\/a><\/figcaption><\/figure>\n\n\n\n<p>Kapsam 1, 2 ve 3, \u015firketin operasyonlar\u0131 taraf\u0131ndan do\u011frudan ve dolayl\u0131 olarak \u00fcretilen emisyonlara odaklan\u0131rken Kapsam 4, \u00fcr\u00fcn veya hizmetlerinin olumlu \u00e7evresel etkisini vurgulamaktad\u0131r. Kapsam 4 emisyonlar\u0131n\u0131n hesaplanmas\u0131 tek seferlik bir i\u015f de\u011fildir. S\u00fcrekli izleme ve g\u00fcncelleme gereklidir.<\/p>\n\n\n\n<h4 class=\"wp-block-heading\">Neden &#8216;Azaltmak&#8217; Yerine &#8216;Ka\u00e7\u0131nmak&#8217; Gerekiyor?<\/h4>\n\n\n\n<p>Giderek daha fazla y\u00fczle\u015fmek zorunda kald\u0131\u011f\u0131m\u0131z ac\u0131 bir ger\u00e7ek \u015fu ki, mevcut iyimser Net S\u0131f\u0131r hedeflerimize ra\u011fmen, karbon b\u00fct\u00e7emizi yakma oran\u0131m\u0131z, h\u00e2l\u00e2 bunun \u00fczerinde bir yolda oldu\u011fumuz anlam\u0131na geliyor. 2 santigrat derecelik \u0131s\u0131nma senaryosu ve 1,5 derecenin alt\u0131nda kalma \u015fans\u0131 \u00e7ok az.<\/p>\n\n\n\n<p>Zaman l\u00fcks\u00fcn\u00fc kaybettik ve ne yaz\u0131k ki her yerde kar\u015f\u0131m\u0131za \u00e7\u0131kan \u201ca\u011fa\u00e7 dikme\u201d giri\u015fimlerinden karma\u015f\u0131k karbon yakalama teknolojileri \u00fcretme yar\u0131\u015f\u0131na kadar mevcut \u201cazaltma\u201d zihniyetimizi s\u00fcrd\u00fcremiyoruz. Art\u0131k &#8216;azaltma&#8217; yerine &#8216;ka\u00e7\u0131nmaya&#8217; \u00f6ncelik vermeli ve emisyonlar\u0131 en ba\u015ftan \u00f6nledi\u011fimizden emin olmal\u0131y\u0131z. Bu ek karbon raporlama katman\u0131, kurulu\u015flar\u0131 hem karbon tasarrufu sa\u011flayan \u00fcr\u00fcnler ve metodolojiler kullanmaya hem de bunlarda yenilik yapmaya te\u015fvik edecek. Do\u011frudan ve dolayl\u0131 emisyonlar\u0131n azalt\u0131lmas\u0131yla birlikte kullan\u0131ld\u0131\u011f\u0131nda kurulu\u015flar bunlar\u0131n etkilerini ger\u00e7ekten anlayabilir, kapsaml\u0131 senaryo analizinden ge\u00e7ebilir ve s\u00fcrd\u00fcr\u00fclebilir b\u00fcy\u00fcmelerini etkili bir \u015fekilde stratejilendirebilir.<\/p>\n\n\n\n<h4 class=\"wp-block-heading\">Neden Rapor Etmeliyiz?<\/h4>\n\n\n\n<p>A\u00e7\u0131k ger\u00e7ek \u015fu ki, \u015fu anda y\u00fcr\u00fcrl\u00fckte olan en iyimser net s\u0131f\u0131r hedeflerine ula\u015f\u0131lsa bile, 2030 y\u0131l\u0131 i\u00e7in gerekli olan 2 derecelik \u0131s\u0131nma senaryosunun (ve 1,5 derecelik senaryonun \u00e7ok daha \u00fczerinde) \u00fczerinde olaca\u011f\u0131z. Bu nedenle, bu t\u00fcr hedeflere ula\u015fma yolunda ilerlemeyi art\u0131rmak i\u00e7in \u00e7ok b\u00fcy\u00fck miktarda yenili\u011fe ihtiya\u00e7 vard\u0131r.<\/p>\n\n\n<div class=\"wp-block-image\">\n<figure class=\"alignright size-full is-resized\"><img loading=\"lazy\" decoding=\"async\" width=\"827\" height=\"543\" src=\"http:\/\/atlas-scc.com\/wp-content\/uploads\/image-1.png\" alt=\"\" class=\"wp-image-1530\" style=\"width:441px;height:auto\" srcset=\"https:\/\/atlas-scc.com\/wp-content\/uploads\/image-1.png 827w, https:\/\/atlas-scc.com\/wp-content\/uploads\/image-1-300x197.png 300w, https:\/\/atlas-scc.com\/wp-content\/uploads\/image-1-768x504.png 768w\" sizes=\"(max-width: 827px) 100vw, 827px\" \/><figcaption class=\"wp-element-caption\">Kaynak: <a href=\"https:\/\/climateactiontracker.org\/global\/temperatures\/\">https:\/\/climateactiontracker.org\/global\/temperatures\/<\/a><\/figcaption><\/figure><\/div>\n\n\n<p>Mevcut raporlama yakla\u015f\u0131m\u0131, bir kurulu\u015fun emisyonlar\u0131 azaltma konusundaki ilerlemesine odaklanmaktad\u0131r. Bununla birlikte, yeni \u00fcr\u00fcn veya s\u00fcre\u00e7lerin geli\u015ftirilmesinin bir \u015firketin emisyonlar\u0131n\u0131 ge\u00e7ici olarak art\u0131rd\u0131\u011f\u0131 ancak uzun vadede bu t\u00fcr \u00fcr\u00fcnlerin kullan\u0131m\u0131yla ili\u015fkili emisyonlar\u0131 azaltaca\u011f\u0131 durumlar da olabilir.<\/p>\n\n\n\n<p>\u00d6rne\u011fin \u00e7ama\u015f\u0131r makinesi \u00fcreten bir firman\u0131n, kullan\u0131m a\u015famas\u0131nda \u00fcr\u00fcnlerinin verimlili\u011fini veya s\u00fcrd\u00fcr\u00fclebilirli\u011fini art\u0131rmak i\u00e7in ara\u015ft\u0131rma ve geli\u015ftirmeye kaynak ay\u0131rmaya karar verdi\u011fini varsayal\u0131m. Bu yenili\u011fin, potansiyel olarak yeni bir \u00fcretim tesisi veya fabrika geli\u015ftirme ihtiyac\u0131 nedeniyle geli\u015ftirildi\u011fi s\u00fcre boyunca \u015firketin emisyonlar\u0131n\u0131 art\u0131rmas\u0131 muhtemel olsa da, artan \u00fcr\u00fcn verimlili\u011fi nedeniyle kullan\u0131m a\u015famas\u0131nda b\u00fcy\u00fck miktarda emisyondan ka\u00e7\u0131n\u0131lmas\u0131 muhtemeldir.<\/p>\n\n\n\n<h4 class=\"wp-block-heading\">\u00d6rnek Uygulamalar<\/h4>\n\n\n\n<ul>\n<li>Bir \u015firket enerji tasarruflu bir cihaz \u00fcretiyorsa, t\u00fcketicilerin daha az verimli bir model yerine bu cihaz\u0131 kullanarak tasarruf etti\u011fi emisyonlar Kapsam 4 emisyonlar\u0131 olarak de\u011ferlendirilmektedir.<\/li>\n<\/ul>\n\n\n\n<ul>\n<li>D\u00fc\u015f\u00fck s\u0131cakl\u0131ktaki deterjanlar, yak\u0131t tasarrufu sa\u011flayan lastikler veya telekonferans ekipman\u0131 ve hizmetleri verilebilir. Bu \u00fcr\u00fcnler, verimlilikleri veya i\u015flevsellikleri ile genel sera gaz\u0131 emisyonlar\u0131n\u0131n azalt\u0131lmas\u0131na yard\u0131mc\u0131 olur. Ya da telekonferans hizmetleri seyahat ihtiyac\u0131n\u0131 azaltarak, aksi takdirde meydana gelebilecek emisyonlar\u0131n \u00f6nlenmesini sa\u011flar.<\/li>\n<\/ul>\n\n\n\n<ul>\n<li>\u015eirket, enerjiyi daha verimli kullanan bir paketleme makinesi yaratmak i\u00e7in yenilik yaparsa, birim paketleme ba\u015f\u0131na ortalama CO2 emisyonu azal\u0131r. Ancak \u015firketin toplam Kapsam 3 emisyonlar\u0131 (sat\u0131lan \u00fcr\u00fcnlerin kullan\u0131m\u0131n\u0131 i\u00e7eren kategori 11) daha y\u00fcksek sat\u0131\u015flar nedeniyle artabilir. Bu senaryoda, paketleme makinesinin kullan\u0131m\u0131 ba\u015f\u0131na azalt\u0131lan emisyonlar (art\u0131r\u0131lm\u0131\u015f verimlilik nedeniyle) Kapsam 4 emisyonlar\u0131 kapsam\u0131na girmektedir.<\/li>\n<\/ul>\n\n\n\n<p><\/p>\n\n\n\n<h4 class=\"wp-block-heading\">Kapsam 4 Emisyonlar\u0131n\u0131 \u00d6l\u00e7menin Temel Zorluklar\u0131 Nelerdir?<\/h4>\n\n\n\n<div class=\"wp-block-group is-vertical is-layout-flex wp-container-core-group-is-layout-1 wp-block-group-is-layout-flex\">\n<ul>\n<li>\u00d6l\u00e7\u00fcm Zorluklar\u0131:<\/li>\n<\/ul>\n\n\n\n<p>\u00d6nlenen emisyonlar\u0131n \u00f6l\u00e7\u00fclmesi, ek pazar ara\u015ft\u0131rmas\u0131 gerektirebilecek bir\u00e7ok varsay\u0131m ve karma\u015f\u0131k hesaplamalar gerektirir. \u00d6rne\u011fin \u015firketlerin, ka\u00e7 t\u00fcketicinin orijinal \u00fcr\u00fcn\u00fc kulland\u0131\u011f\u0131n\u0131 ve t\u00fcketicilerin bu \u00fcr\u00fcn\u00fc yeni bir \u00fcr\u00fcnle de\u011fi\u015ftirme olas\u0131l\u0131\u011f\u0131n\u0131n olup olmad\u0131\u011f\u0131n\u0131 belirlemesi gerekecektir. Zay\u0131f veriler, \u00fcr\u00fcnler veya di\u011fer yat\u0131r\u0131mlarla ilgili karar vermede kullan\u0131l\u0131rsa daha da b\u00fcy\u00fck sorunlara yol a\u00e7abilir.<\/p>\n\n\n\n<p><\/p>\n<\/div>\n\n\n\n<div class=\"wp-block-group is-vertical is-layout-flex wp-container-core-group-is-layout-2 wp-block-group-is-layout-flex\">\n<ul>\n<li>Belirsizlik:<\/li>\n<\/ul>\n\n\n\n<p>\u00d6rne\u011fin ikinci el giysi sat\u0131c\u0131lar\u0131, bu giysileri satman\u0131n yeni bir giysi sat\u0131n almaktan ka\u00e7\u0131nd\u0131\u011f\u0131n\u0131 varsayabilir. Ancak t\u00fcketiciler, yenilerini sat\u0131n almaktan daha ucuz oldu\u011fu i\u00e7in genel olarak daha fazla ikinci el k\u0131yafet t\u00fcketebilirler. \u0130kinci el k\u0131yafetler genel ya\u015fam d\u00f6ng\u00fcs\u00fcnde daha fazla kullan\u0131lsa da yeni k\u0131yafetler kadar uzun s\u00fcre dayanamayabilirler.<\/p>\n\n\n\n<p><\/p>\n<\/div>\n\n\n\n<div class=\"wp-block-group is-vertical is-layout-flex wp-container-core-group-is-layout-3 wp-block-group-is-layout-flex\">\n<ul>\n<li>Y\u00fcksek \u00d6n Maliyetler:<\/li>\n<\/ul>\n\n\n\n<p>Daha verimli \u00fcr\u00fcnler olu\u015fturmak ve test etmek, ara\u015ft\u0131rma ve geli\u015ftirme, test etme ve di\u011fer \u00f6n maliyetler i\u00e7in \u00e7ok fazla kaynak gerektirir.<\/p>\n\n\n\n<p><\/p>\n<\/div>\n\n\n\n<div class=\"wp-block-group is-vertical is-layout-flex wp-container-core-group-is-layout-4 wp-block-group-is-layout-flex\">\n<ul>\n<li>Standardizasyon Eksikli\u011fi:<\/li>\n<\/ul>\n\n\n\n<p>\u015eu anda \u00f6nlenen emisyonlar\u0131n hesaplanmas\u0131na y\u00f6nelik evrensel olarak kabul edilmi\u015f bir standart bulunmamaktad\u0131r.<\/p>\n\n\n\n<p><\/p>\n<\/div>\n\n\n\n<div class=\"wp-block-group is-vertical is-layout-flex wp-container-core-group-is-layout-5 wp-block-group-is-layout-flex\">\n<ul>\n<li>Ye\u015fil Y\u0131kama Potansiyeli:<\/li>\n<\/ul>\n\n\n\n<p>Yukar\u0131daki zorluklar\u0131n t\u00fcm\u00fc, yanl\u0131\u015f verilere ve bir \u015firketin etkisinin oldu\u011fundan fazla tahmin edilmesine neden olabilir. Pek \u00e7ok \u015firketin niyeti olumlu olsa da \u015firketlerin hatal\u0131 veya eksik veriler sonucunda as\u0131ls\u0131z iddialarda bulunma olas\u0131l\u0131klar\u0131 olduk\u00e7a y\u00fcksektir. Bu, \u015firkete k\u00f6t\u00fc bir \u015fekilde yans\u0131r ve yat\u0131r\u0131mc\u0131lar\u0131n, m\u00fc\u015fterilerin, \u00e7al\u0131\u015fanlar\u0131n ve di\u011fer payda\u015flar\u0131n g\u00fcvenini zedeleyebilir.<\/p>\n\n\n\n<p><\/p>\n<\/div>\n\n\n\n<p>Sonu\u00e7 olarak, pani\u011fe kap\u0131l\u0131p hemen yar\u0131n Kapsam 4 emisyonlar\u0131 hakk\u0131nda raporlamaya ba\u015flamaya gerek yok. Ancak end\u00fcstri standartlar\u0131n\u0131n h\u0131zl\u0131 temposu ve en iyi uygulamalar g\u00f6z \u00f6n\u00fcne al\u0131nd\u0131\u011f\u0131nda, Kapsam 4 emisyonlar\u0131n\u0131 raporlama yap\u0131n\u0131za nas\u0131l ve ne zaman entegre edebilece\u011finizi d\u00fc\u015f\u00fcnmeye ba\u015flaman\u0131z kesinlikle \u00f6nemlidir. Kapsam 4&#8217;\u00fcn \u00f6nledi\u011fi emisyonlarla ilgili t\u00fcm ger\u00e7ekleri g\u00f6z \u00f6n\u00fcnde bulundurarak art\u0131k kontrol\u00fcn\u00fcz alt\u0131ndaki emisyonlar\u0131 do\u011fru bir \u015fekilde raporlamak i\u00e7in gerekli ad\u0131mlar\u0131 atabilirsiniz. \u0130\u015f ortam\u0131 k\u00fcresel bask\u0131lar\u0131m\u0131za g\u00f6re s\u00fcrekli geli\u015fiyor ve bizler de buna uyum sa\u011flamak zorunday\u0131z!<\/p>\n\n\n\n<p><\/p>\n\n\n\n<p>Kaynaklar<\/p>\n\n\n\n<ul>\n<li>https:\/\/www.rio.ai\/blog\/scope-4-emissions<\/li>\n\n\n\n<li>https:\/\/plana.earth\/glossary\/scope-4-emissions<\/li>\n\n\n\n<li>https:\/\/www.persefoni.com\/blog\/scope-4-emissions<\/li>\n\n\n\n<li>https:\/\/www.preoptima.com\/the-carbon-source\/scope-4-avoided-emissions<\/li>\n\n\n\n<li>https:\/\/net0.com\/blog\/scope-4<\/li>\n<\/ul>\n","protected":false},"excerpt":{"rendered":"<p>Kapsam 4 Emisyonlar\u0131 Kaan Vatansever \/\/ 16.04.2024 &#8216;\u00d6nlenen Emisyonlar ya da Ka\u00e7\u0131n\u0131lan Emisyonlar&#8217; olarak da bilinen Kapsam 4 emisyonlar\u0131, sekt\u00f6rde yeni bir kavram olarak yerini almaktad\u0131r. Kurumsal s\u00fcrd\u00fcr\u00fclebilirli\u011fin geli\u015fen ortam\u0131nda, Sera Gaz\u0131 Protokol\u00fc (GHG Protokol\u00fc) taraf\u0131ndan tan\u0131mlanan geleneksel sera gaz\u0131 emisyon kategorilerinin yan\u0131 s\u0131ra &#8216;\u00f6nlenen emisyonlar&#8217; veya Kapsam 4 emisyonlar\u0131 kavram\u0131 da \u00f6nem kazan\u0131yor. Peki<\/p>\n","protected":false},"author":2,"featured_media":0,"comment_status":"closed","ping_status":"open","sticky":false,"template":"","format":"standard","meta":{"footnotes":""},"categories":[1],"tags":[],"_links":{"self":[{"href":"https:\/\/atlas-scc.com\/tr\/wp-json\/wp\/v2\/posts\/1527"}],"collection":[{"href":"https:\/\/atlas-scc.com\/tr\/wp-json\/wp\/v2\/posts"}],"about":[{"href":"https:\/\/atlas-scc.com\/tr\/wp-json\/wp\/v2\/types\/post"}],"author":[{"embeddable":true,"href":"https:\/\/atlas-scc.com\/tr\/wp-json\/wp\/v2\/users\/2"}],"replies":[{"embeddable":true,"href":"https:\/\/atlas-scc.com\/tr\/wp-json\/wp\/v2\/comments?post=1527"}],"version-history":[{"count":6,"href":"https:\/\/atlas-scc.com\/tr\/wp-json\/wp\/v2\/posts\/1527\/revisions"}],"predecessor-version":[{"id":1553,"href":"https:\/\/atlas-scc.com\/tr\/wp-json\/wp\/v2\/posts\/1527\/revisions\/1553"}],"wp:attachment":[{"href":"https:\/\/atlas-scc.com\/tr\/wp-json\/wp\/v2\/media?parent=1527"}],"wp:term":[{"taxonomy":"category","embeddable":true,"href":"https:\/\/atlas-scc.com\/tr\/wp-json\/wp\/v2\/categories?post=1527"},{"taxonomy":"post_tag","embeddable":true,"href":"https:\/\/atlas-scc.com\/tr\/wp-json\/wp\/v2\/tags?post=1527"}],"curies":[{"name":"wp","href":"https:\/\/api.w.org\/{rel}","templated":true}]}}