{"id":1599,"date":"2024-05-27T12:21:04","date_gmt":"2024-05-27T09:21:04","guid":{"rendered":"https:\/\/atlas-scc.com\/?p=1599"},"modified":"2024-05-27T12:32:13","modified_gmt":"2024-05-27T09:32:13","slug":"tamir-hakki-direktifi","status":"publish","type":"post","link":"https:\/\/atlas-scc.com\/tr\/tamir-hakki-direktifi\/","title":{"rendered":"Tamir Hakk\u0131 Direktifi"},"content":{"rendered":"\n<figure class=\"wp-block-image size-large\"><img loading=\"lazy\" decoding=\"async\" width=\"1024\" height=\"683\" src=\"https:\/\/atlas-scc.com\/wp-content\/uploads\/bermix-studio-SJwYvNVW1qY-unsplash-1024x683.jpg\" alt=\"\" class=\"wp-image-1600\" srcset=\"https:\/\/atlas-scc.com\/wp-content\/uploads\/bermix-studio-SJwYvNVW1qY-unsplash-1024x683.jpg 1024w, https:\/\/atlas-scc.com\/wp-content\/uploads\/bermix-studio-SJwYvNVW1qY-unsplash-300x200.jpg 300w, https:\/\/atlas-scc.com\/wp-content\/uploads\/bermix-studio-SJwYvNVW1qY-unsplash-768x512.jpg 768w, https:\/\/atlas-scc.com\/wp-content\/uploads\/bermix-studio-SJwYvNVW1qY-unsplash-1536x1024.jpg 1536w, https:\/\/atlas-scc.com\/wp-content\/uploads\/bermix-studio-SJwYvNVW1qY-unsplash-2048x1365.jpg 2048w\" sizes=\"(max-width: 1024px) 100vw, 1024px\" \/><\/figure>\n\n\n\n<h2 class=\"wp-block-heading\">Tamir Hakk\u0131 Direktifi<\/h2>\n\n\n\n<p>Nilg\u00fcn Aytekin \/\/ 27.05.2024<\/p>\n\n\n\n<p>Avrupa Parlamentosu, t\u00fcketicilerin \u00fcr\u00fcnleri tamir ettirme haklar\u0131n\u0131 g\u00fc\u00e7lendiren &#8220;Tamir Hakk\u0131&#8221; direktifini ge\u00e7ti\u011fimiz haftalarda onaylad\u0131. Yeni yasa, t\u00fcketicilerin \u00fcr\u00fcnlerinin \u00f6mr\u00fcn\u00fc uzatmak amac\u0131yla tamir se\u00e7eneklerine ula\u015fmalar\u0131n\u0131 te\u015fvik eden d\u00fczenlemeler i\u00e7eriyor. Bu d\u00fczenlemeler kapsam\u0131nda, \u00fcreticiler garanti s\u00fcreleri dolduktan sonra bile tamir hizmetlerini makul maliyetlerle sunmak zorunda kalacaklar.<\/p>\n\n\n\n<p>Tamir Hakk\u0131 Direktifi, t\u00fcketiciler i\u00e7in \u00fcr\u00fcn \u00f6mr\u00fcn\u00fc uzatarak at\u0131k kaynakl\u0131 \u00e7evre kirlili\u011finin \u00f6n\u00fcne ge\u00e7ilmesi, maliyet tasarrufu sa\u011flamas\u0131, ve t\u00fcketici haklar\u0131n\u0131 g\u00fc\u00e7lendirmesi nedeniyle \u00f6nemli bir s\u00fcrd\u00fcr\u00fclebilirlik ad\u0131m\u0131 olarak g\u00f6r\u00fcl\u00fcyor. &nbsp;T\u00fcketicilerin yerel tamir at\u00f6lyelerini ve yenilenmi\u015f \u00fcr\u00fcn sat\u0131c\u0131lar\u0131n\u0131 bulmalar\u0131n\u0131 kolayla\u015ft\u0131ran \u00e7evrimi\u00e7i platformlar ile tamir s\u00fcre\u00e7lerinin \u015feffaf ve eri\u015filebilir hale gelmesiyle hem bireysel t\u00fcketiciler hem de \u00e7evre i\u00e7in uzun vadeli fayda sunulmas\u0131 ve sorumlu t\u00fcketim al\u0131\u015fkanl\u0131klar\u0131n\u0131n yayg\u0131nla\u015ft\u0131r\u0131lmas\u0131 hedefleniyor.<\/p>\n\n\n\n<h4 class=\"wp-block-heading\">Tamir Hakk\u0131 Direktifi\u2019nin kapsam\u0131 nedir?<\/h4>\n\n\n\n<p>Avrupa Ye\u015fil Mutabakat, AB&#8217;yi 2050&#8217;ye kadar iklim n\u00f6tr hale getirmeyi ama\u00e7layan bir dizi yasal giri\u015fimle Aral\u0131k 2019&#8217;da Avrupa Komisyonu taraf\u0131ndan ba\u015flat\u0131ld\u0131. \u00dcr\u00fcnleri daha s\u00fcrd\u00fcr\u00fclebilir hale getirmeyi ve at\u0131klar\u0131 azaltmay\u0131 hedefleyen AB, Mart 2020&#8217;de yeni bir d\u00f6ng\u00fcsel ekonomi eylem plan\u0131 duyurdu. Bu giri\u015fimlerin bir par\u00e7as\u0131 olarak, \u00fcr\u00fcnlerin onar\u0131m\u0131n\u0131 te\u015fvik eden ve \u2018planl\u0131 eskitme\u2019 uygulamalar\u0131n\u0131n \u00f6nine ge\u00e7meyi hedefleyen Tamir Hakk\u0131 Direktifi direktifi \u00f6nerildi. Avrupa Parlamentosu, Nisan 2024&#8217;te Parlamento, tamir sekt\u00f6r\u00fcn\u00fc desteklemeyi ama\u00e7layan direktifi kabul etti ve \u00fcye devletlere uygulama yasas\u0131n\u0131 y\u00fcr\u00fcrl\u00fc\u011fe koymak i\u00e7in iki y\u0131l s\u00fcre tan\u0131d\u0131.<\/p>\n\n\n\n<p>Tamir Hakk\u0131 Direktifi\u2019nin kapsam\u0131na, elektronik cihazlar, ev aletleri, t\u00fcketici elektroni\u011fi gibi \u00fcr\u00fcnler giriyor. Ak\u0131ll\u0131 telefonlar, tabletler, bilgisayarlar, beyaz e\u015fyalar, mikrodalga f\u0131r\u0131nlar, elektronik oyuncaklar, televizyonlar, ses sistemleri ve ak\u0131ll\u0131 ev \u00fcr\u00fcnleri gibi yayg\u0131n t\u00fcketici \u00fcr\u00fcnlerinin tamir edilebilirli\u011finin sa\u011flanmas\u0131 hedefleniyor. End\u00fcstriyel kapsamda ise elektronik ve beyaz e\u015fya \u00fcreticileri, yetkili servisler, ba\u011f\u0131ms\u0131z tamir at\u00f6lyeleri ve yenilenmi\u015f \u00fcr\u00fcn sat\u0131c\u0131lar\u0131 bulunuyor.<\/p>\n\n\n\n<h4 class=\"wp-block-heading\">Yeni Direktif ile neler de\u011fi\u015fecek?<\/h4>\n\n\n\n<ul>\n<li>\u00dcreticiler, yasal garanti s\u00fcresi i\u00e7inde bir \u00fcr\u00fcn\u00fc de\u011fi\u015ftirmekten daha ucuz veya e\u015fit maliyette ise tamiri \u00f6nceliklendirmek zorunda olacaklar. Bir \u00fcr\u00fcn tamir edildikten sonra yasal garanti s\u00fcresi bir y\u0131l uzat\u0131lacak.<\/li>\n\n\n\n<li>T\u00fcketiciler, garanti s\u00fcresi dolduktan sonra \u00e7ama\u015f\u0131r makinesi, elektrikli s\u00fcp\u00fcrge ve ak\u0131ll\u0131 telefon gibi \u00fcr\u00fcnlerin tamirini talep etme hakk\u0131na sahip olacaklar.<\/li>\n\n\n\n<li>\u00dcr\u00fcn tamir edilirken t\u00fcketicilere ge\u00e7ici cihaz sa\u011flanmas\u0131 veya tamir m\u00fcmk\u00fcn de\u011filse yenisinin verilmesi gerekecek.<\/li>\n\n\n\n<li>T\u00fcketicilerin bulunduklar\u0131 b\u00f6lgede yerel tamircileri bulmalar\u0131na yard\u0131mc\u0131 olmak \u00e7evrimi\u00e7i bir platform kurulacak.<\/li>\n\n\n\n<li>T\u00fcketicilere, \u00fcr\u00fcnleri yenileriyle de\u011fi\u015ftirmek yerine tamir etmeleri i\u00e7in te\u015fvikler sunulacak.<\/li>\n\n\n\n<li>T\u00fcketicilere, cihazlar\u0131n tamir edilebilirli\u011fi konusunda de\u011ferlendirme ve kar\u015f\u0131la\u015ft\u0131rma yapabilmeleri i\u00e7in standartla\u015ft\u0131r\u0131lm\u0131\u015f bilgi setleri sunulmas\u0131 zorunluluk haline gelecek.<\/li>\n<\/ul>\n\n\n\n<p><\/p>\n\n\n\n<h4 class=\"wp-block-heading\">Direktifin engellemek istedi\u011fi \u2018planl\u0131 eskitme\u2019 kavram\u0131 nedir?<\/h4>\n\n\n\n<p>&#8216;Planl\u0131 eskitme&#8217; veya di\u011fer ad\u0131yla &#8216;planl\u0131 bozulma&#8217;, \u00fcreticilerin \u00fcr\u00fcnlerini k\u0131sa s\u00fcre i\u00e7inde eskitmeye veya bozulmaya y\u00f6nlendirerek t\u00fcketicileri daha s\u0131k yeni \u00fcr\u00fcn sat\u0131n almaya zorlamas\u0131 anlam\u0131na gelir. Bilin\u00e7li olarak \u00fcr\u00fcnlerin \u00f6mr\u00fcn\u00fcn k\u0131salt\u0131lmas\u0131 veya teknik olarak k\u0131sa \u00f6m\u00fcrl\u00fc tasar\u0131mlar\u0131n tercih edilmesiyle ger\u00e7ekle\u015ftirilir. Planl\u0131 eskitme, \u00fcreticilerin daha fazla ekonomik kazan\u00e7 sa\u011flamas\u0131 amac\u0131yla yap\u0131l\u0131r. Ancak, kaynaklar\u0131n israf\u0131na neden olur ve \u00e7evresel olarak s\u00fcrd\u00fcr\u00fclemez bir t\u00fcketim modeline yol a\u00e7ar.<\/p>\n\n\n\n<p>Tamir Hakk\u0131 Direktifi ile planl\u0131 eskitme gibi uygulamalar\u0131n \u00f6nlenmesi ve \u00fcr\u00fcnlerin \u00f6mr\u00fcn\u00fcn uzat\u0131larak daha s\u00fcrd\u00fcr\u00fclebilir t\u00fcketim al\u0131\u015fkanl\u0131\u011f\u0131n\u0131n yayg\u0131nla\u015fmas\u0131 hedefleniyor. Bu d\u00fczenlemelerin, kontrols\u00fcz \u00fcretim ve t\u00fcketimin azalt\u0131lmas\u0131na ve d\u00f6ng\u00fcsel ekonomiye katk\u0131 sa\u011flanmas\u0131na \u00f6nc\u00fcl\u00fck edece\u011fi \u00f6ng\u00f6r\u00fcl\u00fcyor. Bu kapsamda, Direktif \u015fu anda s\u0131n\u0131rl\u0131 bir \u00fcr\u00fcn grubunu kapsamas\u0131na ra\u011fmen, \u00fcreticileri onar\u0131mc\u0131 ve sat\u0131\u015f sonras\u0131 pazarlarda artan rekabetle kar\u015f\u0131 kar\u015f\u0131ya b\u0131rakmas\u0131 ve daha geni\u015f bir etki alan\u0131yla d\u00f6ng\u00fcsel ekonomiye ge\u00e7i\u015fin h\u0131zlanmas\u0131na katk\u0131da bulunmas\u0131 bekleniyor.<\/p>\n\n\n\n<p>Kaynaklar:<\/p>\n\n\n\n<p>Right to repair: the EU\u2019s actions to make repairs more attractive, Avrupa Parlamentosu, 24-04-2024 tarihli makale<\/p>\n\n\n\n<p>https:\/\/repair.eu\/news\/new-eu-law-sets-to-make-repair-more-affordable-for-selected-products-campaigners-push-for-widespread-right-to-repair<\/p>\n\n\n\n<p>www.recycling-magazine.com\/2023\/03\/22\/eu-commission-introduces-right-to-repair\/<\/p>\n","protected":false},"excerpt":{"rendered":"<p>Tamir Hakk\u0131 Direktifi Nilg\u00fcn Aytekin \/\/ 27.05.2024 Avrupa Parlamentosu, t\u00fcketicilerin \u00fcr\u00fcnleri tamir ettirme haklar\u0131n\u0131 g\u00fc\u00e7lendiren &#8220;Tamir Hakk\u0131&#8221; direktifini ge\u00e7ti\u011fimiz haftalarda onaylad\u0131. Yeni yasa, t\u00fcketicilerin \u00fcr\u00fcnlerinin \u00f6mr\u00fcn\u00fc uzatmak amac\u0131yla tamir se\u00e7eneklerine ula\u015fmalar\u0131n\u0131 te\u015fvik eden d\u00fczenlemeler i\u00e7eriyor. Bu d\u00fczenlemeler kapsam\u0131nda, \u00fcreticiler garanti s\u00fcreleri dolduktan sonra bile tamir hizmetlerini makul maliyetlerle sunmak zorunda kalacaklar. Tamir Hakk\u0131 Direktifi, t\u00fcketiciler<\/p>\n","protected":false},"author":2,"featured_media":0,"comment_status":"closed","ping_status":"open","sticky":false,"template":"","format":"standard","meta":{"footnotes":""},"categories":[1],"tags":[],"_links":{"self":[{"href":"https:\/\/atlas-scc.com\/tr\/wp-json\/wp\/v2\/posts\/1599"}],"collection":[{"href":"https:\/\/atlas-scc.com\/tr\/wp-json\/wp\/v2\/posts"}],"about":[{"href":"https:\/\/atlas-scc.com\/tr\/wp-json\/wp\/v2\/types\/post"}],"author":[{"embeddable":true,"href":"https:\/\/atlas-scc.com\/tr\/wp-json\/wp\/v2\/users\/2"}],"replies":[{"embeddable":true,"href":"https:\/\/atlas-scc.com\/tr\/wp-json\/wp\/v2\/comments?post=1599"}],"version-history":[{"count":2,"href":"https:\/\/atlas-scc.com\/tr\/wp-json\/wp\/v2\/posts\/1599\/revisions"}],"predecessor-version":[{"id":1608,"href":"https:\/\/atlas-scc.com\/tr\/wp-json\/wp\/v2\/posts\/1599\/revisions\/1608"}],"wp:attachment":[{"href":"https:\/\/atlas-scc.com\/tr\/wp-json\/wp\/v2\/media?parent=1599"}],"wp:term":[{"taxonomy":"category","embeddable":true,"href":"https:\/\/atlas-scc.com\/tr\/wp-json\/wp\/v2\/categories?post=1599"},{"taxonomy":"post_tag","embeddable":true,"href":"https:\/\/atlas-scc.com\/tr\/wp-json\/wp\/v2\/tags?post=1599"}],"curies":[{"name":"wp","href":"https:\/\/api.w.org\/{rel}","templated":true}]}}