{"id":1646,"date":"2024-06-18T19:58:32","date_gmt":"2024-06-18T16:58:32","guid":{"rendered":"https:\/\/atlas-scc.com\/?p=1646"},"modified":"2024-06-18T19:58:34","modified_gmt":"2024-06-18T16:58:34","slug":"sanatci-damla-yalcin-ile-ilham-dolu-bir-soylesi","status":"publish","type":"post","link":"https:\/\/atlas-scc.com\/tr\/sanatci-damla-yalcin-ile-ilham-dolu-bir-soylesi\/","title":{"rendered":"Sanat\u00e7\u0131 Damla Yal\u00e7\u0131n ile \u0130lham Dolu Bir S\u00f6yle\u015fi"},"content":{"rendered":"\n<figure class=\"wp-block-image size-large\"><img loading=\"lazy\" decoding=\"async\" width=\"1024\" height=\"707\" src=\"https:\/\/atlas-scc.com\/wp-content\/uploads\/IMG_1154-1024x707.jpg\" alt=\"\" class=\"wp-image-1652\" srcset=\"https:\/\/atlas-scc.com\/wp-content\/uploads\/IMG_1154-1024x707.jpg 1024w, https:\/\/atlas-scc.com\/wp-content\/uploads\/IMG_1154-300x207.jpg 300w, https:\/\/atlas-scc.com\/wp-content\/uploads\/IMG_1154-768x530.jpg 768w, https:\/\/atlas-scc.com\/wp-content\/uploads\/IMG_1154-1536x1060.jpg 1536w, https:\/\/atlas-scc.com\/wp-content\/uploads\/IMG_1154-2048x1414.jpg 2048w\" sizes=\"(max-width: 1024px) 100vw, 1024px\" \/><\/figure>\n\n\n\n<h2 class=\"wp-block-heading\">Sanat\u00e7\u0131 Damla Yal\u00e7\u0131n ile \u0130lham Dolu Bir S\u00f6yle\u015fi<\/h2>\n\n\n\n<p>Nilg\u00fcn Aytekin \/\/ 17.06.2024<\/p>\n\n\n\n<p>Bu haftaki blog yaz\u0131m\u0131z\u0131n konu\u011fu hem \u00e7ok sevdi\u011fim bir arkada\u015f\u0131m hem de on parma\u011f\u0131nda on marifet bir isim. Sanat e\u011fitimi sonras\u0131nda, \u2018Biyotekstillerin Sanat Pratiklerindeki Yeri\u2019 \u00fczerine yapt\u0131\u011f\u0131 ara\u015ft\u0131rmalar ve yazd\u0131\u011f\u0131 y\u00fcksek lisans tezi ile tekstil end\u00fcstrisinin s\u00fcrd\u00fcr\u00fclebilirlik pratiklerine \u00f6nemli katk\u0131lar sa\u011flad\u0131. Geleneksel nak\u0131\u015f sanat\u0131na yeni bir soluk getirdi\u011fi eserlerini ve biyotekstil malzemeleriyle ilgili yapt\u0131\u011f\u0131 yenilik\u00e7i \u00e7al\u0131\u015fmalar\u0131 keyifle ve merakla takip ediyorum.<\/p>\n\n\n\n<p>Biyotekstiller, geleneksel tekstil end\u00fcstrisinde kullan\u0131lan sentetik ve petrokimyasal bazl\u0131 liflere alternatif olarak g\u00fcn\u00fcm\u00fczde bir\u00e7ok \u00e7al\u0131\u015fman\u0131n ve projenin konusu haline geldi. Tekstil end\u00fcstrisinin \u00e7evresel etkilerini azaltmak ad\u0131na bu malzemelerin daha geni\u015f \u00e7apta \u00fcretiminin ve kullan\u0131m\u0131n\u0131n yayg\u0131nla\u015faca\u011f\u0131 \u00f6ng\u00f6r\u00fcl\u00fcyor. Bu alanda neler \u00f6\u011frenebiliriz ve ne gibi \u00e7al\u0131\u015fmalar yap\u0131l\u0131yor, birlikte g\u00f6zden ge\u00e7irelim.<\/p>\n\n\n\n<h4 class=\"wp-block-heading\">Damla Ho\u015f geldin. \u00d6ncelikle seni biraz tan\u0131yal\u0131m m\u0131? Kimdir Damla? Biyotekstillere olan ilgin nereden geliyor?<\/h4>\n\n\n\n<p><strong>DY:<\/strong> Ho\u015f buldum. Ben multidisipliner \u00e7al\u0131\u015fan bir sanat\u00e7\u0131y\u0131m. Marmara \u00dcniversitesi\u2019nde Resim okuduktan sonra yine ayn\u0131 \u00dcniversite\u2019de Tekstil Y\u00fcksek Lisans\u0131 yapt\u0131m. Sanat kariyerime resim e\u011fitimiyle ad\u0131m att\u0131m ve zamanla fark ettim ki, sanatsal ifademde vurgulamak istedi\u011fim kavramsal \u00e7er\u00e7eve resimle de\u011fil, nak\u0131\u015f tekni\u011fiyle belirginle\u015fiyordu. \u00c7al\u0131\u015fmalar\u0131m \u00e7ocukluk, bellek ve mek\u00e2n \u00fczerine \u015fekillenirken kendi i\u00e7lerinde \u00fcretim a\u015famas\u0131nda farkl\u0131l\u0131k g\u00f6steriyor. \u00dcretim s\u00fcre\u00e7lerimde yapt\u0131\u011f\u0131m yeni y\u00fczey denemeleri beni tekstil alan\u0131na \u00e7ekti.<\/p>\n\n\n\n<p>Biyomateryallerle tan\u0131\u015fmam, \u00f6zellikle SCOBY ve mantarlarla kurdu\u011fum ili\u015fkiyi besledi. Kendimi bir y\u00fczey ara\u015ft\u0131rmac\u0131s\u0131 olarak tan\u0131mlayabilirim. Bu s\u00fcre\u00e7, sadece tekstilde de\u011fil, ayn\u0131 zamanda biyolojik-ekolojik alanda da \u00fcretim yapma iste\u011fimi do\u011furdu. Yazd\u0131\u011f\u0131m tez, s\u00fcrd\u00fcr\u00fclebilirlik perspektifinden tekstil ve sanat alan\u0131nda kullan\u0131lan biyomateryallerin \u00f6nemine odaklan\u0131yor. Bu deneyimler, \u00fcretimlerimi disiplinler aras\u0131 bir perspektifle zenginle\u015ftirdi. Multidisipliner bir sanat\u00e7\u0131 olarak resim, tekstil ve biyolojik-ekolojik alanlar aras\u0131nda k\u00f6pr\u00fcler kurmam\u0131n, yeni ve \u00f6zg\u00fcn bir ifade bi\u00e7imi yaratmam\u0131n \u00f6nemini kavrad\u0131m. \u00dcretimlerimde do\u011fayla, ekolojiyle kurdu\u011fum bu denge, sadece estetik bir tercih de\u011fil ayn\u0131 zamanda bir sorumluluk duygusuyla da \u015fekilleniyor.<\/p>\n\n\n\n<h4 class=\"wp-block-heading\">Tekstil end\u00fcstrisi, \u00e7evreyi kirleten ikinci end\u00fcstri olarak listelerin ba\u015f\u0131n\u0131 \u00e7ekiyor. Enerji, su ve kimyasal kullan\u0131m\u0131n\u0131n yan\u0131 s\u0131ra sekt\u00f6r\u00fcn en ciddi sorunu at\u0131k oran\u0131n\u0131n y\u00fcksek olmas\u0131. \u00dcretilen elyaflar\u0131n %85\u2019i her y\u0131l ya yak\u0131l\u0131yor ya da \u00e7\u00f6p sahalar\u0131na at\u0131l\u0131yor. Sence biyotekstil malzeme se\u00e7enekleri tekstil end\u00fcstrisinin \u00e7evresel etkilerine \u00e7\u00f6z\u00fcm olur mu?<\/h4>\n\n\n\n<p><strong>DY: <\/strong>Uzun vadede bu d\u00f6n\u00fc\u015f\u00fcm\u00fcn ger\u00e7ekle\u015fece\u011fine inan\u0131yorum. Bilimsel raporlar ve veriler do\u011frultusunda, tekstil end\u00fcstrisinin do\u011faya olan etkileri ele al\u0131narak, sekt\u00f6r ile ya\u015fad\u0131\u011f\u0131m\u0131z d\u00fcnya aras\u0131ndaki etkile\u015fim s\u00fcrd\u00fcr\u00fclebilirlik a\u00e7\u0131s\u0131ndan de\u011ferlendiriliyor. Bu alanda yenilik\u00e7i yakla\u015f\u0131mlar geli\u015ftiren bilin\u00e7li firmalar olmas\u0131na ra\u011fmen, sekt\u00f6r\u00fcn genel \u00e7abalar\u0131n\u0131n yetersiz kald\u0131\u011f\u0131 ve yak\u0131n gelecekte s\u00fcrd\u00fcr\u00fclebilir bir \u00fcretim d\u00fczenine ge\u00e7ilemeyece\u011fi \u00f6ng\u00f6r\u00fcl\u00fcyor.<\/p>\n\n\n\n<p>Biyomalzemeler, giyim end\u00fcstrisinde karbon ayak izini azaltma ve at\u0131k y\u00f6netimi konular\u0131nda \u00f6nemli avantajlar sa\u011flamakta. Biyolojik olarak par\u00e7alanabilen bu malzemeler, giysi at\u0131klar\u0131n\u0131n \u00e7evreye olan olumsuz etkisini azaltarak d\u00f6ng\u00fcsel ekonomi i\u00e7in \u00f6nemli bir alternatif sunuyor. S\u00fcrd\u00fcr\u00fclebilirlik a\u00e7\u0131s\u0131ndan biyomalzemelerin avantajlar\u0131na ek olarak, tekstil alan\u0131ndaki disiplinler aras\u0131 i\u015fbirli\u011finin \u00f6nemi b\u00fcy\u00fck. Moda tasar\u0131m\u0131, tekstil m\u00fchendisli\u011fi, sanat, biyoloji, kimya, zanaat, malzeme bilimi ve biyoteknoloji gibi alanlar\u0131n bir araya gelmesi, biyotemelli tekstillerin geli\u015ftirilmesinde kritik bir rol oynayacak. Bu i\u015fbirliklerinin gelecekteki biyomateryaller alan\u0131nda yenilikler ve s\u00fcrd\u00fcr\u00fclebilirlik \u00e7\u00f6z\u00fcmleri i\u00e7in temel olu\u015fturaca\u011f\u0131n\u0131 d\u00fc\u015f\u00fcnmekteyim.<\/p>\n\n\n\n<p>Bu alandaki potansiyel, farkl\u0131 disiplinlerden sanat\u00e7\u0131lar ve tasar\u0131mc\u0131lar taraf\u0131ndan giderek daha fazla ke\u015ffedilmekte ve kullan\u0131lmaktad\u0131r. Bu e\u011filimin artarak devam etmesi bekleniyor. Ancak, tekstil end\u00fcstrisinin s\u00fcrd\u00fcr\u00fclebilir bir d\u00f6n\u00fc\u015f\u00fcm s\u00fcrecinin h\u0131zla ger\u00e7ekle\u015fmesi pek m\u00fcmk\u00fcn de\u011fil. Bu s\u00fcre\u00e7ler end\u00fcstri ve tedarik zinciri d\u00fczeylerinde karma\u015f\u0131k olmas\u0131 sebebiyle zaman alacakt\u0131r. Dolay\u0131s\u0131yla, biyotekstillerin hem sanat hem de ticaret d\u00fcnyas\u0131nda daha fazla benimsenmesi i\u00e7in \u00e7e\u015fitli sekt\u00f6rel ve ekonomik fakt\u00f6rlerin dikkate al\u0131nmas\u0131 gerekiyor. Tasar\u0131mc\u0131lar, sanat\u00e7\u0131lar, bilin\u00e7li \u00fcretici firmalar ve d\u00fcnya markalar\u0131 bu yakla\u015f\u0131mlar\u0131 daha fazla benimsedik\u00e7e k\u00fcresel bir fark\u0131ndal\u0131k olu\u015facakt\u0131r.<\/p>\n\n\n\n<p>Biyotekstil malzeme se\u00e7enekleri, tekstil end\u00fcstrisinin \u00e7evresel etkilerini azaltmada \u00f6nemli bir \u00e7\u00f6z\u00fcm olabilir. Geleneksel tekstil \u00fcretiminde kullan\u0131lan hammaddeler genellikle petrokimyasallardan elde edilir ve \u00fcretim s\u00fcrecinde harcanan enerji yo\u011fundur. Bu durum sera gaz\u0131 emisyonlar\u0131n\u0131 art\u0131r\u0131rken, at\u0131k ve kirlilik miktar\u0131n\u0131 da y\u00fckseltir. Biyotekstiller ise biyo-bazl\u0131 hammaddelerden \u00fcretilir ve genellikle daha az su ve enerji t\u00fcketirler. Ayr\u0131ca biyolojik olarak par\u00e7alanabilirler, dolay\u0131s\u0131yla at\u0131k sorununu azaltabilirler. \u00d6rne\u011fin, bambu, keten, kenevir gibi bitkisel liflerin kullan\u0131lmas\u0131 veya mantar derisi gibi alternatif malzemelerin geli\u015ftirilmesi, tekstil end\u00fcstrisinin \u00e7evresel etkilerini azaltabilir. Ancak, biyotekstil malzemelerinin ticari \u00f6l\u00e7ekte kullan\u0131labilirli\u011fi, maliyeti ve performans\u0131 gibi fakt\u00f6rler dikkate al\u0131nmal\u0131d\u0131r. Bu t\u00fcr malzemelerin geni\u015f \u00e7apta benimsenmesi i\u00e7in teknolojik yenilikler ve end\u00fcstriyel altyap\u0131lar\u0131n geli\u015ftirilmesi \u00f6nemlidir.<\/p>\n\n\n\n<h4 class=\"wp-block-heading\">Biyotekstillerin \u00fcretimi nas\u0131l \u00e7evre dostu ve s\u00fcrd\u00fcr\u00fclebilir bir se\u00e7enek sunar?<\/h4>\n\n\n\n<p><strong>DY: <\/strong>Biyotekstillerin \u00fcretimi \u00e7evre dostu ve s\u00fcrd\u00fcr\u00fclebilir bir se\u00e7enek sunar \u00e7\u00fcnk\u00fc \u00e7e\u015fitli \u00e7evresel faydalar sa\u011flarlar. \u0130lk olarak, biyotekstiller yenilenebilir kaynaklardan \u00fcretilir, bu da fosil yak\u0131t bazl\u0131 tekstillere k\u0131yasla daha d\u00fc\u015f\u00fck \u00e7evresel etki anlam\u0131na gelir. \u00dcretim s\u00fcre\u00e7leri genellikle daha az enerji gerektirir, bu da karbon ayak izini azalt\u0131r. Ayr\u0131ca, biyotekstillerin \u00fcretiminde kullan\u0131lan biyolojik s\u00fcre\u00e7ler, geleneksel tekstil \u00fcretiminde kullan\u0131lan zararl\u0131 kimyasallar\u0131n kullan\u0131m\u0131n\u0131 azaltarak su kirlili\u011fini ve topra\u011f\u0131n zarar g\u00f6rmesini \u00f6nler. Biyotekstillerin b\u00fcy\u00fck bir k\u0131sm\u0131 biyolojik olarak par\u00e7alanabilir, bu da kullan\u0131m \u00f6m\u00fcrlerinin sonunda do\u011fada kolayca \u00e7\u00f6z\u00fcnmelerine olanak tan\u0131r ve at\u0131k y\u00f6netimi sorunlar\u0131n\u0131 azalt\u0131r. Bitki bazl\u0131 biyotekstiller, b\u00fcy\u00fcmeleri s\u0131ras\u0131nda karbon dioksit (CO2) emerler, bu da atmosfere sal\u0131nan sera gaz\u0131 miktar\u0131n\u0131 dengelemeye yard\u0131mc\u0131 olur. Ayr\u0131ca, baz\u0131 biyotekstil \u00fcretim s\u00fcre\u00e7leri, geleneksel y\u00f6ntemlere k\u0131yasla daha az su kullan\u0131r, bu da \u00f6zellikle su k\u0131tl\u0131\u011f\u0131 ya\u015fanan b\u00f6lgeler i\u00e7in b\u00fcy\u00fck bir avantajd\u0131r.<\/p>\n\n\n\n<p>Tekstilden sanata biyoteknolojinin \u00f6nemi, disiplinler aras\u0131 ve sekt\u00f6rde s\u00fcrd\u00fcr\u00fclebilirlik kavram\u0131, \u00e7evre bilincinin artmas\u0131na ve do\u011fan\u0131n korunmas\u0131na olan gereklili\u011fin fark\u0131ndal\u0131\u011f\u0131yla birlikte g\u00fcn\u00fcm\u00fczde bir\u00e7ok sekt\u00f6r i\u00e7in ana odak noktas\u0131 haline gelmi\u015ftir. \u201cYeni Materyal\u201d ara\u015ft\u0131rmalar\u0131 kapsam\u0131nda biyotemelli tekstiller, do\u011fada \u00e7\u00f6z\u00fcnebilme, etik \u00fcretim, hayvans\u0131z deri gibi \u00f6zellikleriyle g\u00fcncel sorunlara gelece\u011fe y\u00f6nelik \u00e7\u00f6z\u00fcmler sunarak tekstilin tan\u0131m\u0131n\u0131 ve anlam\u0131n\u0131 de\u011fi\u015ftirecek yeniliklerin aras\u0131nda yer alaca\u011f\u0131 d\u00fc\u015f\u00fcn\u00fclmektedir. Bu ba\u011flamda, g\u00fcn\u00fcm\u00fczdeki biyotemelli sanat ve tasar\u0131m \u00e7al\u0131\u015fmalar\u0131 \u00e7evre ve do\u011fay\u0131 ele al\u0131p fark\u0131ndal\u0131k yaratarak yeni d\u00fc\u015f\u00fcnme bi\u00e7imlerine yol a\u00e7maktad\u0131r.<\/p>\n\n\n\n<h4 class=\"wp-block-heading\">Biyotekstillerle ilgili T\u00fcrkiye\u2019de bir fark\u0131ndal\u0131k var m\u0131? \u00c7al\u0131\u015fmalar\u0131 yeterli buluyor musun?<\/h4>\n\n\n\n<p><strong>DY: <\/strong>Biyotekstillerle ilgili T\u00fcrkiye&#8217;de fark\u0131ndal\u0131k yeni yeni olu\u015fmaya ba\u015flam\u0131\u015f durumda fakat bu fark\u0131ndal\u0131\u011f\u0131n olduk\u00e7a az oldu\u011funu s\u00f6ylemek gerekiyor. T\u00fcrkiye&#8217;de biyotekstillerin \u00fcretimi ve kullan\u0131m\u0131 \u00fczerine yap\u0131lan \u00e7al\u0131\u015fmalar hen\u00fcz yeterli d\u00fczeyde de\u011fil. Bunun birka\u00e7 temel nedeni var: T\u00fcrkiye&#8217;de biyolojik malzeme \u00fcretimine y\u00f6nelik b\u00f6l\u00fcmler ve programlar olduk\u00e7a s\u0131n\u0131rl\u0131, bu da akademik ve pratik bilgi birikiminin yeterince geli\u015fememesine neden oluyor. Ayr\u0131ca, T\u00fcrkiye&#8217;deki tekstil \u00fcretim band\u0131 genellikle h\u0131zl\u0131 t\u00fcketim \u00fcr\u00fcnlerine odaklanm\u0131\u015f durumda, bu da biyotekstil \u00fcretiminin ve kullan\u0131m\u0131n\u0131n yayg\u0131nla\u015fmas\u0131n\u0131 engelliyor. Biyotekstiller \u00fczerine yap\u0131lan projeler ve ara\u015ft\u0131rmalar genellikle gereken ilgiyi ve yat\u0131r\u0131m\u0131 \u00e7ekemiyor.<\/p>\n\n\n\n<p>Gelecek nesiller i\u00e7in daha insan odakl\u0131 ve s\u00fcrd\u00fcr\u00fclebilir bir ya\u015fam sa\u011flanabilmesi, daha ak\u0131ll\u0131 tasar\u0131mlar yapabilme yetene\u011fimize, kaynaklar\u0131 daha verimli kullanabilme kabiliyetimize, s\u00fcrd\u00fcr\u00fclebilir \u00fcretim s\u00fcre\u00e7leri olu\u015fturma yetimize ve g\u00fc\u00e7l\u00fc bir t\u00fcketici bilinci kazanmam\u0131za dayanmaktad\u0131r. T\u00fcm bunlar\u0131 ger\u00e7ekle\u015ftirebilmek i\u00e7in en kritik fakt\u00f6r, yap\u0131lan yenilik\u00e7i \u00e7al\u0131\u015fmalar\u0131n \u0131\u015f\u0131\u011f\u0131 ile d\u00fc\u015f\u00fcnce tarz\u0131m\u0131z\u0131 de\u011fi\u015ftirebilmemizdir. T\u00fcrkiye i\u00e7in de en \u00f6nemli nokta bireysel olarak \u00f6nce d\u00fc\u015f\u00fcnce \u015feklimizi de\u011fi\u015ftirmemiz gerekti\u011fidir.<\/p>\n\n\n\n<h4 class=\"wp-block-heading\">Bu alanda yurtd\u0131\u015f\u0131nda ne gibi yenilikler var? Bizimle baz\u0131 \u00f6rnekleri payla\u015fabilir misin?<\/h4>\n\n\n\n<p><strong>DY: <\/strong>Bir \u00e7ok alternatif vegan deri ve kuma\u015f \u00f6rnekleri ortaya \u00e7\u0131kmaya devam ediyor. Beni etkileyen baz\u0131 \u00f6rneklerden bahsedecek olursam; Bolt Threads, mantarlar\u0131n k\u00f6k sistemi olan miselyumu kullanarak Mylo&#x2122; ad\u0131n\u0131 verdikleri biyotekstil malzemesini geli\u015ftirmi\u015ftir. Bu malzeme, deri benzeri bir dokuya sahip olup tamamen biyolojik olarak par\u00e7alanabilir ve moda end\u00fcstrisinde b\u00fcy\u00fck markalar taraf\u0131ndan kullan\u0131lmaktad\u0131r. \u0130talyan giri\u015fim Orange Fiber ise turun\u00e7gil at\u0131klar\u0131ndan s\u00fcrd\u00fcr\u00fclebilir tekstil elyaflar\u0131 \u00fcretiyor, b\u00f6ylece g\u0131da end\u00fcstrisinin at\u0131klar\u0131n\u0131 de\u011ferlendirerek \u00e7evresel etkiyi azalt\u0131yor. Pi\u00f1atex, ananas yapraklar\u0131ndan elde edilen ve \u00e7evre dostu, dayan\u0131kl\u0131 bir alternatif olarak moda end\u00fcstrisinde kullan\u0131lan bir biyotekstil malzemesidir. AlgiKnit, deniz yosunundan biyolojik olarak par\u00e7alanabilen iplikler \u00fcreten bir \u015firkettir ve moda end\u00fcstrisinde s\u00fcrd\u00fcr\u00fclebilir iplikler ve kuma\u015flar \u00fcretmek i\u00e7in \u00e7al\u0131\u015fmaktad\u0131r. Modern Meadow, h\u00fccre k\u00fclt\u00fcr\u00fc teknolojisi kullanarak laboratuvar ortam\u0131nda hayvanlara zarar vermeden deri benzeri malzemeler \u00fcretmektedir. Bu yenilikler, biyotekstillerin sadece \u00e7evre dostu de\u011fil, ayn\u0131 zamanda y\u00fcksek performansl\u0131 ve estetik a\u00e7\u0131dan ilgi \u00e7ekici oldu\u011funu da g\u00f6stermektedir.<strong> &nbsp;<\/strong><\/p>\n\n\n\n<h4 class=\"wp-block-heading\">Birka\u00e7 ay \u00f6nce Gate27\u2019nin Sanat\u00e7\u0131 De\u011fi\u015fim Program\u0131na kat\u0131ld\u0131n. Bize bu programdan bahseder misin? Ne tecr\u00fcbeler edindin?<\/h4>\n\n\n\n<p><strong>DY: <\/strong>Ba\u015fvuru s\u00fcrecim Gate27\u2019nin a\u00e7\u0131k \u00e7a\u011fr\u0131s\u0131n\u0131 g\u00f6rmemle ger\u00e7ekle\u015fti. S\u00fcrd\u00fcr\u00fclebilirlik \u00fczerine yapt\u0131klar\u0131 \u00e7al\u0131\u015fmalarla ve yakla\u015f\u0131mlar\u0131yla \u00f6n plana \u00e7\u0131kan bir sanat\u00e7\u0131 de\u011fi\u015fim program\u0131 olmas\u0131yla uzun s\u00fcredir \u00fczerine \u00e7al\u0131\u015ft\u0131\u011f\u0131m ve ara\u015ft\u0131rd\u0131\u011f\u0131m biyomateryalleri \u00fcretmek i\u00e7in do\u011fru bir alan olabilece\u011fini d\u00fc\u015f\u00fcnd\u00fcm. E\u011fitim ge\u00e7mi\u015fim ve sanatsal yakla\u015f\u0131m\u0131m \u201cBluesky\u201d program\u0131yla \u00f6rt\u00fc\u015f\u00fcyordu. Bu y\u00fczden ba\u015fvurmak istedim.<\/p>\n\n\n\n<p>Kabul ald\u0131ktan sonra teknik anlamda projeyi desteklemesi ad\u0131na gitmi\u015f oldu\u011fum Sabanc\u0131 \u00dcniversitesi\u2019nde disiplinler aras\u0131 \u00e7al\u0131\u015fma f\u0131rsat\u0131 yakalad\u0131m ve bu \u00e7al\u0131\u015fma bi\u00e7iminin ne kadar \u00f6nemli oldu\u011funu bir kez daha fark ettim.&nbsp; Sabanc\u0131 \u00dcniversitesi M\u00fchendislik ve Do\u011fa Bilimleri Fak\u00fcltesi \u00f6\u011fretim \u00fcyesi Nur Mustafao\u011flu ve \u00f6\u011frencilerine SCOBY malzemesini nas\u0131l bu alana ta\u015f\u0131yabilece\u011fimizi ya da i\u00e7erisinde yer alan bakteri ve mayalara nas\u0131l m\u00fcdahale edebilece\u011fimizi sordum ve \u00e7e\u015fitli deneysel \u00e7al\u0131\u015fmalar yapt\u0131k. K\u0131sa s\u00fcrede \u00e7al\u0131\u015fmalar\u0131ma y\u00f6n verecek bir\u00e7ok deneme yapma f\u0131rsat\u0131 yakalad\u0131m.<\/p>\n\n\n\n<p>Bir yandan da sanat alan\u0131nda yer alan bir\u00e7ok ki\u015fiyle g\u00f6r\u00fc\u015fme, tan\u0131\u015fma f\u0131rsat\u0131 yakalad\u0131m. Sponsor olan ORTA firmas\u0131n\u0131 tan\u0131ma ve \u00fcretim alanlar\u0131n\u0131 ziyaret etme \u015fans\u0131m oldu. T\u00fcrkiye\u2019de \u00fcretim yapan bu firman\u0131n di\u011fer tekstil firmalar\u0131na g\u00f6re i\u015fleyi\u015f ve s\u00fcrd\u00fcr\u00fclebilirlik politikalar\u0131 beni etkiledi. Konuk s\u00fcrecim i\u00e7in ay\u0131rd\u0131klar\u0131 \u00fcretim b\u00fct\u00e7esi sayesinde benim de daha \u00f6nce f\u0131rsat yakalayamad\u0131\u011f\u0131m b\u00fcy\u00fckl\u00fckte bir \u00fcretim yapmam\u0131 sa\u011flad\u0131lar.<\/p>\n\n\n\n<p>Damla \u00e7ok te\u015fekk\u00fcr ederim bu keyifli deneyimlerini bizimle payla\u015ft\u0131\u011f\u0131n i\u00e7in. \u00c7ok \u00f6zel bir alanda, gelecek i\u00e7in k\u0131ymetli \u00e7al\u0131\u015fmalar yap\u0131yorsun. \u0130\u015fin i\u00e7inde biyoloji var, kimya var, \u00fcretim dinamikleri var, sanat var. T\u00fcm bu farkl\u0131 disiplinleri harmanlayarak hen\u00fcz yepyeni bir alanda hem fikir hem de yenilik geli\u015ftirmeye \u00e7abal\u0131yorsun. Ger\u00e7ekten can\u0131 g\u00f6n\u00fclden tebrik ediyorum seni. \u00c7al\u0131\u015fmalar\u0131n\u0131 heyecanla takip edece\u011fime emin olabilirsin. \u0130lerleyen g\u00fcnlerde ger\u00e7ekle\u015ftirece\u011fin yenilik\u00e7i projelerle ilgili tekrar bir araya gelmeyi \u00fcmit ediyorum. &nbsp;<\/p>\n\n\n\n<p>Biyotekstillerle ilgili daha fazla bilgi edinmek isterseniz, <a href=\"https:\/\/atlas-scc.com\/tr\/biyotekstiller-tekstil-sektorunun-cevre-etkisine-cozum-olabilir-mi\/\" data-type=\"link\" data-id=\"https:\/\/atlas-scc.com\/tr\/biyotekstiller-tekstil-sektorunun-cevre-etkisine-cozum-olabilir-mi\/\">Biyotekstiller tekstil sekt\u00f6r\u00fcn\u00fcn \u00e7evre etkisine \u00e7\u00f6z\u00fcm olabilir mi?<\/a> blog yaz\u0131m\u0131za linkten ula\u015fabilirsiniz.<\/p>\n","protected":false},"excerpt":{"rendered":"<p>Sanat\u00e7\u0131 Damla Yal\u00e7\u0131n ile \u0130lham Dolu Bir S\u00f6yle\u015fi Nilg\u00fcn Aytekin \/\/ 17.06.2024 Bu haftaki blog yaz\u0131m\u0131z\u0131n konu\u011fu hem \u00e7ok sevdi\u011fim bir arkada\u015f\u0131m hem de on parma\u011f\u0131nda on marifet bir isim. Sanat e\u011fitimi sonras\u0131nda, \u2018Biyotekstillerin Sanat Pratiklerindeki Yeri\u2019 \u00fczerine yapt\u0131\u011f\u0131 ara\u015ft\u0131rmalar ve yazd\u0131\u011f\u0131 y\u00fcksek lisans tezi ile tekstil end\u00fcstrisinin s\u00fcrd\u00fcr\u00fclebilirlik pratiklerine \u00f6nemli katk\u0131lar sa\u011flad\u0131. Geleneksel nak\u0131\u015f<\/p>\n","protected":false},"author":2,"featured_media":0,"comment_status":"closed","ping_status":"open","sticky":false,"template":"","format":"standard","meta":{"footnotes":""},"categories":[1],"tags":[],"_links":{"self":[{"href":"https:\/\/atlas-scc.com\/tr\/wp-json\/wp\/v2\/posts\/1646"}],"collection":[{"href":"https:\/\/atlas-scc.com\/tr\/wp-json\/wp\/v2\/posts"}],"about":[{"href":"https:\/\/atlas-scc.com\/tr\/wp-json\/wp\/v2\/types\/post"}],"author":[{"embeddable":true,"href":"https:\/\/atlas-scc.com\/tr\/wp-json\/wp\/v2\/users\/2"}],"replies":[{"embeddable":true,"href":"https:\/\/atlas-scc.com\/tr\/wp-json\/wp\/v2\/comments?post=1646"}],"version-history":[{"count":3,"href":"https:\/\/atlas-scc.com\/tr\/wp-json\/wp\/v2\/posts\/1646\/revisions"}],"predecessor-version":[{"id":1654,"href":"https:\/\/atlas-scc.com\/tr\/wp-json\/wp\/v2\/posts\/1646\/revisions\/1654"}],"wp:attachment":[{"href":"https:\/\/atlas-scc.com\/tr\/wp-json\/wp\/v2\/media?parent=1646"}],"wp:term":[{"taxonomy":"category","embeddable":true,"href":"https:\/\/atlas-scc.com\/tr\/wp-json\/wp\/v2\/categories?post=1646"},{"taxonomy":"post_tag","embeddable":true,"href":"https:\/\/atlas-scc.com\/tr\/wp-json\/wp\/v2\/tags?post=1646"}],"curies":[{"name":"wp","href":"https:\/\/api.w.org\/{rel}","templated":true}]}}