{"id":1827,"date":"2024-08-14T00:32:34","date_gmt":"2024-08-13T21:32:34","guid":{"rendered":"https:\/\/atlas-scc.com\/?p=1827"},"modified":"2024-08-14T00:32:37","modified_gmt":"2024-08-13T21:32:37","slug":"esgnin-esi-nedir","status":"publish","type":"post","link":"https:\/\/atlas-scc.com\/tr\/esgnin-esi-nedir\/","title":{"rendered":"ESG&#8217;nin E&#8217;si Nedir?"},"content":{"rendered":"\n<figure class=\"wp-block-image size-large\"><img loading=\"lazy\" decoding=\"async\" width=\"1024\" height=\"683\" src=\"https:\/\/atlas-scc.com\/wp-content\/uploads\/\/gustavo-quepon-pF_2lrjWiJE-unsplash-1-1024x683.jpg\" alt=\"\" class=\"wp-image-1828\" srcset=\"https:\/\/atlas-scc.com\/wp-content\/uploads\/gustavo-quepon-pF_2lrjWiJE-unsplash-1-1024x683.jpg 1024w, https:\/\/atlas-scc.com\/wp-content\/uploads\/gustavo-quepon-pF_2lrjWiJE-unsplash-1-300x200.jpg 300w, https:\/\/atlas-scc.com\/wp-content\/uploads\/gustavo-quepon-pF_2lrjWiJE-unsplash-1-768x512.jpg 768w, https:\/\/atlas-scc.com\/wp-content\/uploads\/gustavo-quepon-pF_2lrjWiJE-unsplash-1-1536x1025.jpg 1536w, https:\/\/atlas-scc.com\/wp-content\/uploads\/gustavo-quepon-pF_2lrjWiJE-unsplash-1-2048x1366.jpg 2048w\" sizes=\"(max-width: 1024px) 100vw, 1024px\" \/><\/figure>\n\n\n\n<h2 class=\"wp-block-heading\">ESG&#8217;nin E&#8217;si Nedir?<\/h2>\n\n\n\n<p>Elif Atak \/\/ 14.08.2024<\/p>\n\n\n\n<p>\u00c7evresel, Sosyal ve Y\u00f6neti\u015fim (ESG) \u00e7er\u00e7evesi, bir \u015firketin do\u011fal \u00e7evre ile olan ili\u015fkisini de\u011ferlendiren bir yakla\u015f\u0131md\u0131r. ESG&#8217;nin &#8220;E&#8221; harfi, &#8220;\u00c7evresel&#8221; anlam\u0131na gelir ve bir \u015firketin gezegen \u00fczerindeki etkileri ile ilgilidir. D\u00fcnya Ekonomik Forumu, mevcut ESG raporlama \u00e7er\u00e7eveleri ve standartlar\u0131 kapsam\u0131nda yedi ana \u00e7evresel temay\u0131 belirlemi\u015ftir: iklim de\u011fi\u015fikli\u011fi, do\u011fa kayb\u0131, tatl\u0131 su mevcudiyeti, hava kirlili\u011fi, su kirlili\u011fi, kat\u0131 at\u0131k ve kaynak kullan\u0131labilirli\u011fi.<\/p>\n\n\n\n<p>Bu geni\u015f \u00e7evresel temalara ek olarak, daha spesifik \u00e7evresel hususlar da geni\u015f \u00e7apta kabul g\u00f6rmektedir.<\/p>\n\n\n\n<h2 class=\"wp-block-heading\">&nbsp;Ana \u00c7evresel Temalar<\/h2>\n\n\n\n<p><strong>\u0130klim De\u011fi\u015fikli\u011fi: <\/strong>Bu kritik \u00e7evresel risk, bir \u015firketin hem fiziksel hem de ge\u00e7i\u015f iklim risklerine maruz kalmas\u0131n\u0131 kapsar. Fiziksel riskler, a\u015f\u0131r\u0131 hava olaylar\u0131ndan kaynaklan\u0131rken, ge\u00e7i\u015f riskleri d\u00fc\u015f\u00fck karbon ekonomisine ge\u00e7i\u015fin finansal ve operasyonel etkilerini i\u00e7erir. \u015eirketler, bu riskleri de\u011ferlendirmeli ve y\u00f6netmeli, uzun vadeli dayan\u0131kl\u0131l\u0131k ve s\u00fcrd\u00fcr\u00fclebilirlik sa\u011flamal\u0131d\u0131r.<\/p>\n\n\n\n<p><strong>Do\u011fa Kayb\u0131:<\/strong> Bu, belirli bir b\u00f6lgede bulunan t\u00fcrlerin say\u0131s\u0131ndaki azalmay\u0131 ifade eder. T\u00fcrlerin neslinin t\u00fckenmesi ve habitat kayb\u0131, bir b\u00f6lgenin ekolojisinde zincirleme etkilere sahip olabilir ve sonu\u00e7ta g\u0131da k\u0131tl\u0131\u011f\u0131 gibi di\u011fer olumsuz \u00e7evresel etkileri do\u011furabilir. Biyo\u00e7e\u015fitlili\u011fin korunmas\u0131, ekosistemlerin istikrar\u0131n\u0131 ve i\u015flevini s\u00fcrd\u00fcrmek i\u00e7in kritiktir.<\/p>\n\n\n\n<p><strong>Tatl\u0131 Su Mevcudiyeti:<\/strong> \u00d6zellikle uzun kurakl\u0131k d\u00f6nemleriyle m\u00fccadele eden b\u00f6lgelerde suyun verimli kullan\u0131m\u0131 ve ar\u0131t\u0131lmas\u0131n\u0131 ifade eder. Su y\u00f6netimi uygulamalar\u0131, su kaynaklar\u0131n\u0131n s\u00fcrd\u00fcr\u00fclebilir kullan\u0131m\u0131n\u0131 ve su kirlili\u011finin \u00f6nlenmesini i\u00e7erir, b\u00f6ylece hem ekosistemler hem de insan t\u00fcketimi i\u00e7in temiz su sa\u011flan\u0131r.<\/p>\n\n\n\n<p><strong>Hava Kirlili\u011fi:<\/strong> Atmosfere kirletici sal\u0131n\u0131m\u0131n\u0131n y\u00f6netilmesi, insan sa\u011fl\u0131\u011f\u0131n\u0131 ve \u00e7evreyi korumak i\u00e7in hayati \u00f6neme sahiptir. \u015eirketler, hava emisyonlar\u0131n\u0131 izlemeli ve azaltmal\u0131, d\u00fczenleyici standartlara uymal\u0131 ve hava kalitesini iyile\u015ftirmelidir.<\/p>\n\n\n\n<p><strong>Su Kirlili\u011fi: <\/strong>Su kaynaklar\u0131na giren kirleticiler, ekosistemler ve insan sa\u011fl\u0131\u011f\u0131 \u00fczerinde ciddi etkiler yaratabilir. Etkili su y\u00f6netim stratejileri, kirlili\u011fi en aza indirmeyi ve su kalitesini korumay\u0131 gerektirir.<\/p>\n\n\n\n<p><strong>Kat\u0131 At\u0131k:<\/strong> Bu, at\u0131klar\u0131n bertaraf\u0131, azalt\u0131lmas\u0131, yeniden kullan\u0131lmas\u0131 ve \u00f6nlenmesi anlam\u0131na gelir. D\u00f6ng\u00fcsel ekonomi kavram\u0131, geleneksel at\u0131k y\u00f6netiminin \u00f6tesine ge\u00e7er ve do\u011fal kaynaklar\u0131n verimli kullan\u0131m\u0131, yeniden kullan\u0131m, geri d\u00f6n\u00fc\u015f\u00fcm ve yenilik\u00e7i \u00fcretim stratejilerine odaklan\u0131r. Bu stratejiler, yeni end\u00fcstrilerin ve i\u015flerin geli\u015fimini desteklerken at\u0131klar\u0131 ve emisyonlar\u0131 azalt\u0131r.<\/p>\n\n\n\n<p><strong>Kaynak Kullan\u0131labilirli\u011fi:<\/strong> Kaynaklar\u0131n s\u00fcrd\u00fcr\u00fclebilir y\u00f6netimi, gelecekteki nesiller i\u00e7in kullan\u0131labilirli\u011fini sa\u011flamak a\u00e7\u0131s\u0131ndan \u00f6nemlidir. Bu, ham maddelerin sorumlu bir \u015fekilde tedarik edilmesini ve \u00fcretim s\u00fcre\u00e7lerinde kaynaklar\u0131n verimli kullan\u0131lmas\u0131n\u0131 i\u00e7erir.<\/p>\n\n\n\n<h4 class=\"wp-block-heading\">&nbsp;Spesifik \u00c7evresel Hususlar<\/h4>\n\n\n\n<p><strong>Enerji Y\u00f6netimi: <\/strong>Bu, enerji kullan\u0131m\u0131n\u0131n \u00e7evresel etkilerini ele al\u0131r, enerji verimlili\u011fini, enerji kullan\u0131m yo\u011funlu\u011funu ve yenilenebilir enerji kaynaklar\u0131ndan elde edilen enerjinin y\u00fczdesini kapsar. Etkili enerji y\u00f6netimi, \u00e7evresel ayak izini azaltman\u0131n yan\u0131 s\u0131ra operasyonel verimlili\u011fi ve maliyet tasarrufunu da art\u0131r\u0131r.<\/p>\n\n\n\n<p><strong>Sera Gaz\u0131 Emisyonlar\u0131: <\/strong>Genellikle GHG emisyonlar\u0131 olarak adland\u0131r\u0131lan bu husus, bir \u015firketin operasyonlar\u0131ndan kaynaklanan do\u011frudan ve dolayl\u0131 emisyonlar\u0131 kapsar. Bir\u00e7ok kurulu\u015f, GHG azaltma stratejilerini, karbon azaltma hedeflerini ve karbon emisyon metriklerini rapor etmektedir. En s\u0131k konu\u015fulan GHG, insan faaliyetleri yoluyla yay\u0131lan birincil sera gaz\u0131 olan karbondioksittir (CO2). Di\u011fer \u00f6nemli GHG&#8217;ler aras\u0131nda metan (CH4), azot oksit (N2O) ve ozon (O3) bulunur.<\/p>\n\n\n\n<h4 class=\"wp-block-heading\">&nbsp;Uygulamal\u0131 Egzersiz: Kurumsal \u00c7evresel S\u00fcrd\u00fcr\u00fclebilirli\u011fi De\u011ferlendirme<\/h4>\n\n\n\n<p>\u00d6\u011frendiklerinizi uygulamaya koymak i\u00e7in bir dakikan\u0131z\u0131 ay\u0131r\u0131n. En sevdi\u011finiz \u00fcr\u00fcnlerden birini d\u00fc\u015f\u00fcn\u00fcn \u2013 belki bir i\u00e7ecek, cilt bak\u0131m \u00fcr\u00fcn\u00fc veya elektronik cihaz. \u00dcr\u00fcn\u00fcn \u015firketinin web sitesini bulun ve kurumsal s\u00fcrd\u00fcr\u00fclebilirlik raporlar\u0131n\u0131 aray\u0131n. Raporda, hangi \u00e7evresel sorunlar\u0131n i\u015fleriyle en alakal\u0131 olarak vurguland\u0131\u011f\u0131n\u0131 \u00f6\u011frenin. Bu egzersizi bir ad\u0131m ileriye ta\u015f\u0131mak isterseniz, ilerlemeyi izlemek i\u00e7in bu sorunlar ve rapor ettikleri metrikler etraf\u0131nda belirledikleri hedefleri bulun. Farkl\u0131 sekt\u00f6rleri temsil eden \u00e7e\u015fitli \u015firketlerle bu egzersizi tekrarlayarak benzerlikleri ve farkl\u0131l\u0131klar\u0131 bulabilir ve \u00e7evresel sorunlar\u0131n \u015firketten \u015firkete ve farkl\u0131 end\u00fcstriler aras\u0131nda nas\u0131l de\u011fi\u015fti\u011fini belirleyebilirsiniz.<\/p>\n\n\n\n<h4 class=\"wp-block-heading\">&nbsp;\u00d6nemli \u00c7evresel S\u00fcrd\u00fcr\u00fclebilirlik Stratejileri<\/h4>\n\n\n\n<p><strong>Karbon Ayak \u0130zi Azaltma:<\/strong> Bir \u015firketin karbon ayak izini azaltma stratejileri aras\u0131nda enerji verimlili\u011finin art\u0131r\u0131lmas\u0131, yenilenebilir enerji kaynaklar\u0131n\u0131n kullan\u0131lmas\u0131 ve karbon dengeleme projelerinin uygulanmas\u0131 yer al\u0131r. Bu \u00f6nlemler, \u015firketin toplam GHG emisyonlar\u0131n\u0131 azaltmaya yard\u0131mc\u0131 olur.<\/p>\n\n\n\n<p><strong>Enerji Verimlili\u011fi:<\/strong> Enerji verimlili\u011finin art\u0131r\u0131lmas\u0131, ayn\u0131 \u00e7\u0131kt\u0131 i\u00e7in daha az enerji kullanmay\u0131 ama\u00e7layan s\u00fcre\u00e7lerin optimize edilmesini i\u00e7erir. Bu, teknolojik y\u00fckseltmeler, enerji y\u00f6netim sistemleri ve enerji tasarrufu uygulamalar\u0131 \u00fczerine odaklanan \u00e7al\u0131\u015fan e\u011fitim programlar\u0131 ile sa\u011flanabilir.<\/p>\n\n\n\n<p><strong>Yenilenebilir Enerji Kullan\u0131m\u0131: <\/strong>G\u00fcne\u015f, r\u00fczgar ve hidroelektrik gibi yenilenebilir enerji kaynaklar\u0131na ge\u00e7i\u015f, fosil yak\u0131tlara ba\u011f\u0131ml\u0131l\u0131\u011f\u0131 azalt\u0131r ve karbon emisyonlar\u0131n\u0131 d\u00fc\u015f\u00fcr\u00fcr. \u015eirketler, kendi tesislerinde yenilenebilir enerji kurulumlar\u0131na yat\u0131r\u0131m yapabilir veya yenilenebilir enerji kredileri sat\u0131n alarak s\u00fcrd\u00fcr\u00fclebilir enerji \u00fcretimini destekleyebilir.<\/p>\n\n\n\n<p>Sonu\u00e7 olarak, ESG&#8217;nin \u00e7evresel dire\u011fi, s\u00fcrd\u00fcr\u00fclebilir i\u015f uygulamalar\u0131 i\u00e7in kritik \u00f6neme sahip \u00e7e\u015fitli temalar\u0131 ve spesifik hususlar\u0131 kapsar. \u015eirketler, enerji kullan\u0131m\u0131 y\u00f6netimi, GHG emisyonlar\u0131n\u0131n azalt\u0131lmas\u0131, iklim risklerinin ele al\u0131nmas\u0131, biyolojik \u00e7e\u015fitlili\u011fin korunmas\u0131, su kaynaklar\u0131n\u0131n y\u00f6netimi ve at\u0131klar\u0131n en aza indirilmesi gibi stratejilerle \u00e7evresel performanslar\u0131n\u0131 \u00f6nemli \u00f6l\u00e7\u00fcde art\u0131rabilir ve daha s\u00fcrd\u00fcr\u00fclebilir bir gelece\u011fe katk\u0131da bulunabilir. Gelecek hafta, ESG&#8217;nin sosyal dire\u011fine odaklanaca\u011f\u0131z ve \u015firketlerin sosyal etkilerini nas\u0131l iyile\u015ftirebileceklerini inceleyece\u011fiz. Detayl\u0131 bir sosyal s\u00fcrd\u00fcr\u00fclebilirlik analizi i\u00e7in bizi izlemeye devam edin!<\/p>\n","protected":false},"excerpt":{"rendered":"<p>ESG&#8217;nin E&#8217;si Nedir? Elif Atak \/\/ 14.08.2024 \u00c7evresel, Sosyal ve Y\u00f6neti\u015fim (ESG) \u00e7er\u00e7evesi, bir \u015firketin do\u011fal \u00e7evre ile olan ili\u015fkisini de\u011ferlendiren bir yakla\u015f\u0131md\u0131r. ESG&#8217;nin &#8220;E&#8221; harfi, &#8220;\u00c7evresel&#8221; anlam\u0131na gelir ve bir \u015firketin gezegen \u00fczerindeki etkileri ile ilgilidir. D\u00fcnya Ekonomik Forumu, mevcut ESG raporlama \u00e7er\u00e7eveleri ve standartlar\u0131 kapsam\u0131nda yedi ana \u00e7evresel temay\u0131 belirlemi\u015ftir: iklim de\u011fi\u015fikli\u011fi, do\u011fa<\/p>\n","protected":false},"author":2,"featured_media":0,"comment_status":"closed","ping_status":"open","sticky":false,"template":"","format":"standard","meta":{"footnotes":""},"categories":[1],"tags":[],"_links":{"self":[{"href":"https:\/\/atlas-scc.com\/tr\/wp-json\/wp\/v2\/posts\/1827"}],"collection":[{"href":"https:\/\/atlas-scc.com\/tr\/wp-json\/wp\/v2\/posts"}],"about":[{"href":"https:\/\/atlas-scc.com\/tr\/wp-json\/wp\/v2\/types\/post"}],"author":[{"embeddable":true,"href":"https:\/\/atlas-scc.com\/tr\/wp-json\/wp\/v2\/users\/2"}],"replies":[{"embeddable":true,"href":"https:\/\/atlas-scc.com\/tr\/wp-json\/wp\/v2\/comments?post=1827"}],"version-history":[{"count":2,"href":"https:\/\/atlas-scc.com\/tr\/wp-json\/wp\/v2\/posts\/1827\/revisions"}],"predecessor-version":[{"id":1846,"href":"https:\/\/atlas-scc.com\/tr\/wp-json\/wp\/v2\/posts\/1827\/revisions\/1846"}],"wp:attachment":[{"href":"https:\/\/atlas-scc.com\/tr\/wp-json\/wp\/v2\/media?parent=1827"}],"wp:term":[{"taxonomy":"category","embeddable":true,"href":"https:\/\/atlas-scc.com\/tr\/wp-json\/wp\/v2\/categories?post=1827"},{"taxonomy":"post_tag","embeddable":true,"href":"https:\/\/atlas-scc.com\/tr\/wp-json\/wp\/v2\/tags?post=1827"}],"curies":[{"name":"wp","href":"https:\/\/api.w.org\/{rel}","templated":true}]}}