{"id":1847,"date":"2024-08-21T09:20:56","date_gmt":"2024-08-21T06:20:56","guid":{"rendered":"https:\/\/atlas-scc.com\/?p=1847"},"modified":"2024-08-21T09:20:58","modified_gmt":"2024-08-21T06:20:58","slug":"esgde-s-nedir","status":"publish","type":"post","link":"https:\/\/atlas-scc.com\/tr\/esgde-s-nedir\/","title":{"rendered":"ESG\u2019de \u201cS\u201d nedir?"},"content":{"rendered":"\n<figure class=\"wp-block-image size-large\"><img loading=\"lazy\" decoding=\"async\" width=\"1024\" height=\"682\" src=\"https:\/\/atlas-scc.com\/wp-content\/uploads\/sol-tZw3fcjUIpM-unsplash-1024x682.jpg\" alt=\"\" class=\"wp-image-1848\" srcset=\"https:\/\/atlas-scc.com\/wp-content\/uploads\/sol-tZw3fcjUIpM-unsplash-1024x682.jpg 1024w, https:\/\/atlas-scc.com\/wp-content\/uploads\/sol-tZw3fcjUIpM-unsplash-300x200.jpg 300w, https:\/\/atlas-scc.com\/wp-content\/uploads\/sol-tZw3fcjUIpM-unsplash-768x512.jpg 768w, https:\/\/atlas-scc.com\/wp-content\/uploads\/sol-tZw3fcjUIpM-unsplash-1536x1023.jpg 1536w, https:\/\/atlas-scc.com\/wp-content\/uploads\/sol-tZw3fcjUIpM-unsplash-2048x1365.jpg 2048w\" sizes=\"(max-width: 1024px) 100vw, 1024px\" \/><\/figure>\n\n\n\n<h2 class=\"wp-block-heading\">ESG\u2019de \u201cS\u201d nedir?<\/h2>\n\n\n\n<p>Elif \u00d6zt\u00fcrk \/\/ 21.08.2024<\/p>\n\n\n\n<p>ESG (\u00c7evresel, Sosyal ve Y\u00f6neti\u015fim) kriterleri, s\u00fcrd\u00fcr\u00fclebilirlik ve kurumsal sorumluluk \u00e7er\u00e7evesinde \u015firketlerin faaliyetlerini de\u011ferlendiren bir dizi \u00f6l\u00e7\u00fct sunar. Bu kriterler aras\u0131nda yer alan &#8220;S&#8221; yani Sosyal boyut, bir \u015firketin toplumla, \u00e7al\u0131\u015fanlar\u0131yla ve di\u011fer payda\u015flar\u0131yla olan ili\u015fkilerini ele al\u0131r. Sosyal sorumluluk kapsam\u0131nda, bir kurulu\u015fun i\u015fg\u00fcc\u00fc y\u00f6netimi, toplumsal kat\u0131l\u0131m\u0131, insan haklar\u0131na sayg\u0131s\u0131 ve tedarik zinciri uygulamalar\u0131 gibi kritik alanlar de\u011ferlendirilmektedir. Bu yaz\u0131da, sosyal boyutun kurumsal d\u00fcnyadaki \u00f6nemini derinlemesine inceleyerek, bu kriterin \u015firketlerin s\u00fcrd\u00fcr\u00fclebilirlik stratejilerinde nas\u0131l bir rol oynad\u0131\u011f\u0131n\u0131 ke\u015ffedece\u011fiz.<\/p>\n\n\n\n<p>ESG&#8217;nin sosyal dire\u011fi, bir kurulu\u015fun hem i\u00e7 hem de d\u0131\u015f payda\u015flar\u0131yla olan ili\u015fkilerini kapsayan kritik bir boyuttur. Bu, i\u015fg\u00fcc\u00fc, m\u00fc\u015fteriler, yat\u0131r\u0131mc\u0131lar, d\u00fczenleyiciler, tedarik\u00e7iler ve \u015firketin faaliyet g\u00f6sterdi\u011fi topluluklarla ilgili s\u00fcre\u00e7leri, politikalar\u0131, uygulamalar\u0131 ve etkilerini i\u00e7erir. Bir \u015firketin faaliyet alan\u0131 ve i\u015f yap\u0131\u015f \u015fekline ba\u011fl\u0131 olarak, sosyal fakt\u00f6rler geni\u015f bir yelpazede \u00e7e\u015fitlenir.<\/p>\n\n\n\n<p>D\u00fcnya Ekonomik Forumu, mevcut ESG raporlama \u00e7er\u00e7eveleri ve standartlar\u0131 \u00e7er\u00e7evesinde insanlarla ilgili \u00fc\u00e7 ana tema belirlemi\u015ftir: onur ve e\u015fitlik, sa\u011fl\u0131k ve refah, ve gelecek i\u00e7in beceriler. \u00c7evresel konular, ticari faaliyetlere ve \u00e7evresel etkilere ba\u011fl\u0131 olarak b\u00fcy\u00fck \u00f6l\u00e7\u00fcde de\u011fi\u015fkenlik g\u00f6sterirken, sosyal fakt\u00f6rler hemen her \u015firketin g\u00fcndeminde yer alan ortak unsurlar\u0131 bar\u0131nd\u0131r\u0131r. \u00d6rne\u011fin, sa\u011fl\u0131k ve g\u00fcvenlik, insan sermayesi y\u00f6netimi, toplum kat\u0131l\u0131m\u0131 ve hizmeti gibi konular, hemen her kurulu\u015f i\u00e7in \u00f6nem arz eden ba\u015fl\u0131ca sosyal meselelere i\u015faret eder.<\/p>\n\n\n\n<p>Sa\u011fl\u0131k ve g\u00fcvenlik konular\u0131, \u00e7al\u0131\u015fanlar\u0131n sa\u011fl\u0131\u011f\u0131n\u0131 ve ya\u015fam\u0131n\u0131 riske atan tehlikelerden ar\u0131nd\u0131r\u0131lm\u0131\u015f \u00e7al\u0131\u015fma ko\u015fullar\u0131n\u0131n sa\u011flanmas\u0131n\u0131 hedefler. Bu kapsamda g\u00fcvenlik y\u00f6netim planlar\u0131, e\u011fitim programlar\u0131, d\u00fczenli denetimler ve uyumluluk takip s\u00fcre\u00e7leri gibi unsurlar hayati \u00f6nem ta\u015f\u0131r.<\/p>\n\n\n\n<p>\u0130nsan sermayesi y\u00f6netimi ise \u00e7e\u015fitlilik, e\u015fitlik ve kapsay\u0131c\u0131l\u0131k, adil \u00fccret, \u00e7al\u0131\u015fan ba\u011fl\u0131l\u0131\u011f\u0131, kariyer geli\u015fimi ve genel sa\u011fl\u0131k ve refah gibi konular\u0131 i\u00e7erir. Ayr\u0131ca, tedarik zinciri y\u00f6netimi, bir kurulu\u015fun tedarik\u00e7ileri ve y\u00fcklenicileri ile olan ili\u015fkilerini ve bu ili\u015fkilerin sosyal ve y\u00f6netsel etkilerini ele al\u0131r. \u00d6rne\u011fin, merkezi bir \u00fclkede bulunan bir \u015firket, faaliyetlerini y\u00fcr\u00fctt\u00fc\u011f\u00fc yerin \u00f6tesinde, uzak b\u00f6lgelerdeki i\u015f\u00e7ilerin \u00e7al\u0131\u015fma ko\u015fullar\u0131 ve \u00fccretleri \u00fczerinde \u00f6nemli bir etkiye sahip olabilir. Tedarik zincirinde insan haklar\u0131, \u00e7ocuk i\u015f\u00e7ili\u011fi, modern k\u00f6lelik, \u00fccretler ve \u00e7al\u0131\u015fma ko\u015fullar\u0131 gibi konular \u00f6ne \u00e7\u0131kar.<\/p>\n\n\n\n<p>Karma\u015f\u0131k tedarik zincirlerine sahip olmayan \u015firketler dahi, itibar risklerini minimize etmek ve do\u011fru olan\u0131 yapmak ad\u0131na tedarik\u00e7ilerinin sosyal politikalar\u0131n\u0131 ve uygulamalar\u0131n\u0131 g\u00f6z \u00f6n\u00fcnde bulundurmal\u0131d\u0131r. Bu ba\u011flamda, \u015firketinizin a\u011f\u0131ndaki insanlarla olan ili\u015fkilerini nas\u0131l y\u00f6netti\u011fi, \u00e7al\u0131\u015fanlar, m\u00fc\u015fteriler, tedarik\u00e7iler, ortaklar ve topluluklarla ili\u015fkilerini nas\u0131l \u015fekillendirdi\u011fi b\u00fcy\u00fck \u00f6nem ta\u015f\u0131r.<\/p>\n\n\n\n<p>Bu bilgiler \u0131\u015f\u0131\u011f\u0131nda, ESG&#8217;nin sosyal boyutunu de\u011ferlendirirken, \u015firketinizin sosyal sorumluluklar\u0131n\u0131 nas\u0131l yerine getirdi\u011fini ve bu y\u00f6nde att\u0131\u011f\u0131 ad\u0131mlar\u0131 detayland\u0131rmak stratejik bir \u00f6ncelik olmal\u0131d\u0131r.<\/p>\n","protected":false},"excerpt":{"rendered":"<p>ESG\u2019de \u201cS\u201d nedir? Elif \u00d6zt\u00fcrk \/\/ 21.08.2024 ESG (\u00c7evresel, Sosyal ve Y\u00f6neti\u015fim) kriterleri, s\u00fcrd\u00fcr\u00fclebilirlik ve kurumsal sorumluluk \u00e7er\u00e7evesinde \u015firketlerin faaliyetlerini de\u011ferlendiren bir dizi \u00f6l\u00e7\u00fct sunar. Bu kriterler aras\u0131nda yer alan &#8220;S&#8221; yani Sosyal boyut, bir \u015firketin toplumla, \u00e7al\u0131\u015fanlar\u0131yla ve di\u011fer payda\u015flar\u0131yla olan ili\u015fkilerini ele al\u0131r. Sosyal sorumluluk kapsam\u0131nda, bir kurulu\u015fun i\u015fg\u00fcc\u00fc y\u00f6netimi, toplumsal kat\u0131l\u0131m\u0131, insan<\/p>\n","protected":false},"author":2,"featured_media":0,"comment_status":"closed","ping_status":"open","sticky":false,"template":"","format":"standard","meta":{"footnotes":""},"categories":[1],"tags":[],"_links":{"self":[{"href":"https:\/\/atlas-scc.com\/tr\/wp-json\/wp\/v2\/posts\/1847"}],"collection":[{"href":"https:\/\/atlas-scc.com\/tr\/wp-json\/wp\/v2\/posts"}],"about":[{"href":"https:\/\/atlas-scc.com\/tr\/wp-json\/wp\/v2\/types\/post"}],"author":[{"embeddable":true,"href":"https:\/\/atlas-scc.com\/tr\/wp-json\/wp\/v2\/users\/2"}],"replies":[{"embeddable":true,"href":"https:\/\/atlas-scc.com\/tr\/wp-json\/wp\/v2\/comments?post=1847"}],"version-history":[{"count":1,"href":"https:\/\/atlas-scc.com\/tr\/wp-json\/wp\/v2\/posts\/1847\/revisions"}],"predecessor-version":[{"id":1850,"href":"https:\/\/atlas-scc.com\/tr\/wp-json\/wp\/v2\/posts\/1847\/revisions\/1850"}],"wp:attachment":[{"href":"https:\/\/atlas-scc.com\/tr\/wp-json\/wp\/v2\/media?parent=1847"}],"wp:term":[{"taxonomy":"category","embeddable":true,"href":"https:\/\/atlas-scc.com\/tr\/wp-json\/wp\/v2\/categories?post=1847"},{"taxonomy":"post_tag","embeddable":true,"href":"https:\/\/atlas-scc.com\/tr\/wp-json\/wp\/v2\/tags?post=1847"}],"curies":[{"name":"wp","href":"https:\/\/api.w.org\/{rel}","templated":true}]}}