{"id":1855,"date":"2024-08-25T22:48:41","date_gmt":"2024-08-25T19:48:41","guid":{"rendered":"https:\/\/atlas-scc.com\/?p=1855"},"modified":"2024-08-25T22:48:42","modified_gmt":"2024-08-25T19:48:42","slug":"kurumsal-surdurulebilirligi-neler-zorluyor","status":"publish","type":"post","link":"https:\/\/atlas-scc.com\/tr\/kurumsal-surdurulebilirligi-neler-zorluyor\/","title":{"rendered":"Kurumsal S\u00fcrd\u00fcr\u00fclebilirli\u011fi Neler Zorluyor?"},"content":{"rendered":"\n<figure class=\"wp-block-image size-large\"><img loading=\"lazy\" decoding=\"async\" width=\"1024\" height=\"683\" src=\"https:\/\/atlas-scc.com\/wp-content\/uploads\/little-boy-and-magnifying-glass-WQ6MACG-1024x683.jpg\" alt=\"\" class=\"wp-image-1856\" srcset=\"https:\/\/atlas-scc.com\/wp-content\/uploads\/little-boy-and-magnifying-glass-WQ6MACG-1024x683.jpg 1024w, https:\/\/atlas-scc.com\/wp-content\/uploads\/little-boy-and-magnifying-glass-WQ6MACG-300x200.jpg 300w, https:\/\/atlas-scc.com\/wp-content\/uploads\/little-boy-and-magnifying-glass-WQ6MACG-768x512.jpg 768w, https:\/\/atlas-scc.com\/wp-content\/uploads\/little-boy-and-magnifying-glass-WQ6MACG-1536x1024.jpg 1536w, https:\/\/atlas-scc.com\/wp-content\/uploads\/little-boy-and-magnifying-glass-WQ6MACG-2048x1365.jpg 2048w\" sizes=\"(max-width: 1024px) 100vw, 1024px\" \/><\/figure>\n\n\n\n<h2 class=\"wp-block-heading\">Kurumsal S\u00fcrd\u00fcr\u00fclebilirli\u011fi Neler Zorluyor?<\/h2>\n\n\n\n<p>Nilg\u00fcn Aytekin \/\/ 25.08.2024<\/p>\n\n\n\n<p>Kurumsal s\u00fcrd\u00fcr\u00fclebilirlik bir\u00e7ok sekt\u00f6r ve \u015firket i\u00e7in ni\u015f bir konu olmaktan \u00e7\u0131k\u0131p ana ak\u0131m bir i\u015f zorunlulu\u011fu haline gelmi\u015ftir. Farkl\u0131 sekt\u00f6rlerdeki \u015firketler, \u00e7evresel ve sosyal giri\u015fimlerini vurgulayarak, Birle\u015fmi\u015f Milletler\u2019in S\u00fcrd\u00fcr\u00fclebilir Kalk\u0131nma Ama\u00e7lar\u0131 (SKA) gibi k\u00fcresel standartlara ve Avrupa Birli\u011fi Ye\u015fil M\u00fctabakat kapsam\u0131nda yay\u0131mlanan direktiflere uyum sa\u011flamay\u0131 hedefliyorlar. Ancak, t\u00fcm bu \u00e7abalara ra\u011fmen, kurumsal s\u00fcrd\u00fcr\u00fclebilirlik s\u00fcrecinin ger\u00e7ek ilerlemeyi engelleyen baz\u0131 zorluklarla dolu oldu\u011funu g\u00f6r\u00fcyoruz. Bu yaz\u0131m\u0131zda, kurumsal s\u00fcrd\u00fcr\u00fclebilirlik \u00e7abalar\u0131n\u0131 zorla\u015ft\u0131ran karma\u015f\u0131kl\u0131klar\u0131 ve \u00e7eli\u015fkileri inceleyerek, acil dikkat gerektiren konu ba\u015fl\u0131klar\u0131na \u0131\u015f\u0131k tutmay\u0131 hedefliyoruz.<\/p>\n\n\n\n<h4 class=\"wp-block-heading\">1. Ye\u015fil Badana<\/h4>\n\n\n\n<p>Kurumsal s\u00fcrd\u00fcr\u00fclebilirlikteki en yayg\u0131n sorunlardan biri ye\u015fil badana (greenwashing) yakla\u015f\u0131mlar\u0131d\u0131r. Ye\u015fil badana yapan \u015firketler, \u00e7evresel s\u00fcrd\u00fcr\u00fclebilirlik veya ekolojik faydalar konusunda ger\u00e7ekte yap\u0131lmayan ya da \u00e7ok az yap\u0131lan uygulamalar\u0131n\u0131 t\u00fcketicilere ve yat\u0131r\u0131mc\u0131lara yan\u0131lt\u0131c\u0131 bir \u015fekilde sunmak suretiyle \u00e7evresel kimliklerini abart\u0131rlar. Bu yakla\u015f\u0131m, \u015firketin operasyonlar\u0131n\u0131n \u00e7evreye zararl\u0131 olabilecek ger\u00e7ekli\u011fini maskeleyen bir s\u00fcrd\u00fcr\u00fclebilirlik g\u00f6r\u00fcnt\u00fcs\u00fc olu\u015fturur. Ye\u015fil badana, payda\u015flar\u0131 yan\u0131ltmakla kalmaz, ayn\u0131 zamanda ger\u00e7ek s\u00fcrd\u00fcr\u00fclebilirlik giri\u015fimlerinin itibar\u0131n\u0131 da zedeler.<\/p>\n\n\n\n<p>Volkswagen, 2015&#8217;te patlak veren &#8220;Dieselgate&#8221; skandal\u0131 ile en bilinen ye\u015fil badana vakalar\u0131ndan biri olarak tarihe ge\u00e7ti. \u015eirket, ara\u00e7lar\u0131n\u0131n d\u00fc\u015f\u00fck emisyon de\u011ferlerine sahip oldu\u011funu iddia etmi\u015f, ancak daha sonra bu verilerin yan\u0131lt\u0131c\u0131 oldu\u011fu ortaya \u00e7\u0131km\u0131\u015ft\u0131. Bu vaka, \u015firketlerin s\u00fcrd\u00fcr\u00fclebilirlik iddialar\u0131n\u0131n ba\u011f\u0131ms\u0131z denetimlerle do\u011frulanmas\u0131n\u0131n \u00f6nemini vurguluyor. Ye\u015fil badana sorununu \u00f6nlemek i\u00e7in \u015firketlerin, s\u00fcrd\u00fcr\u00fclebilirlik iddialar\u0131n\u0131 \u015feffaf ve do\u011frulanabilir verilerle desteklemesi gerekir.<\/p>\n\n\n\n<h4 class=\"wp-block-heading\">2. Etkiyi \u00d6l\u00e7me Zorlu\u011fu<\/h4>\n\n\n\n<p>S\u00fcrd\u00fcr\u00fclebilirlik giri\u015fimlerinin ger\u00e7ek etkisini \u00f6l\u00e7mek, \u00f6nemli zorluklardan bir di\u011feridir. Bir\u00e7ok \u015firket, eylemlerinin \u00e7evresel ve sosyal sonu\u00e7lar\u0131n\u0131 nicel olarak belirlemekte zorlanmakta ve genellikle belirsiz metrikler veya tutars\u0131z raporlama standartlar\u0131na ba\u015fvurmaktad\u0131r. Standartla\u015ft\u0131r\u0131lm\u0131\u015f \u00f6l\u00e7\u00fcm ara\u00e7lar\u0131n\u0131n olmamas\u0131, farkl\u0131 giri\u015fimlerin etkinli\u011fini kar\u015f\u0131la\u015ft\u0131rmay\u0131 veya \u015firketleri iddialar\u0131 konusunda sorumlu tutmay\u0131 zorla\u015ft\u0131r\u0131r. Bu sorun, \u00fcr\u00fcn veya hizmetin \u00e7evresel etkisinin bir\u00e7ok tedarik\u00e7i katman\u0131 boyunca izlenmesinin zor olabilece\u011fi tedarik zincirlerinin karma\u015f\u0131kl\u0131\u011f\u0131 ile daha da artmaktad\u0131r.<\/p>\n\n\n\n<p>Bir\u00e7ok \u015firketin karbon ayak izi hesaplamalar\u0131nda sorunlar ya\u015fad\u0131\u011f\u0131n\u0131 biliyoruz. \u00d6rne\u011fin, b\u00fcy\u00fck bir g\u0131da ve i\u00e7ecek \u015firketi olan PepsiCo, 2021 y\u0131l\u0131nda kapsam 3 emisyonlar\u0131n\u0131 (tedarik zincirindeki emisyonlar) hesaplamakta zorluklar ya\u015fad\u0131\u011f\u0131n\u0131 a\u00e7\u0131klam\u0131\u015ft\u0131. Bununla birlikte, \u015firket bu durumu a\u015fmak i\u00e7in tedarik\u00e7ileriyle yak\u0131n i\u015fbirli\u011fi yaparak daha do\u011fru ve kapsaml\u0131 \u00f6l\u00e7\u00fcmler geli\u015ftirmeye \u00e7al\u0131\u015f\u0131yor. Etkiyi do\u011fru bir \u015fekilde \u00f6l\u00e7mek i\u00e7in \u015firketlerin, tedarik zincirinde daha fazla \u015feffafl\u0131k ve i\u015fbirli\u011fi sa\u011flamas\u0131, bunun yan\u0131 s\u0131ra daha geli\u015fmi\u015f veri toplama ve analiz y\u00f6ntemleri geli\u015ftirmesi gerekiyor.<\/p>\n\n\n\n<h4 class=\"wp-block-heading\">3. K\u00e2r ve S\u00fcrd\u00fcr\u00fclebilirlik Aras\u0131ndaki Tavizler<\/h4>\n\n\n\n<p>G\u00fcn\u00fcm\u00fcz\u00fcn zorlay\u0131c\u0131 ekonomik ko\u015fullar, i\u015fletmelerin k\u00e2rl\u0131l\u0131k ve s\u00fcrd\u00fcr\u00fclebilirlik aras\u0131nda bir tercih yapmalar\u0131n\u0131 gerektiren zorluklar do\u011furuyor.&nbsp; Bir\u00e7ok \u015firket kamuoyuna s\u00fcrd\u00fcr\u00fclebilirli\u011fe ba\u011fl\u0131l\u0131klar\u0131n\u0131 beyan ederken, bu \u00e7abalar \u00e7o\u011fu zaman finansal performans\u0131n gerisinde kal\u0131yor. K\u0131sa vadeli k\u00e2r elde etme bask\u0131s\u0131, uzun vadeli s\u00fcrd\u00fcr\u00fclebilirlik hedeflerini zay\u0131flatan kararlara yol a\u00e7\u0131yor. \u00d6rne\u011fin, maliyet d\u00fc\u015f\u00fcrme tedbirleri, \u00e7evreye zararl\u0131 daha ucuz malzemelerin tedarik edilmesine veya \u00fcretimin \u00e7evresel d\u00fczenlemelerin daha gev\u015fek oldu\u011fu b\u00f6lgelere kayd\u0131r\u0131lmas\u0131na sebep olabiliyor. Bu tavizler, \u00e7evresel ve sosyal hususlar\u0131n ek bir unsur olarak de\u011fil, i\u015f stratejisinin \u00f6z\u00fcne entegre edildi\u011fi daha b\u00fct\u00fcnsel bir s\u00fcrd\u00fcr\u00fclebilirlik yakla\u015f\u0131m\u0131na duyulan ihtiyac\u0131 vurguluyor.<\/p>\n\n\n\n<p>H&amp;M, fast fashion (h\u0131zl\u0131 moda) modelinin \u00e7evresel etkilerine kar\u015f\u0131 ald\u0131\u011f\u0131 ele\u015ftirilerle zaman zaman g\u00fcndeme gelen global markalardan birisi. Ucuz ve h\u0131zl\u0131 \u00fcretilen moda \u00fcr\u00fcnlerinin, hem \u00e7evre \u00fczerinde hem de sosyal e\u015fitsizlik anlam\u0131nda ciddi zararlara sebep oldu\u011funu art\u0131k hepimiz biliyoruz. Bir\u00e7ok moda markas\u0131, geri d\u00f6n\u00fc\u015ft\u00fcr\u00fclebilir malzemeler kullanarak ve d\u00f6ng\u00fcsel bir moda modeli benimseyerek bu sorunlar\u0131 a\u015fmaya \u00e7al\u0131\u015f\u0131yor. K\u00e2r ve s\u00fcrd\u00fcr\u00fclebilirlik aras\u0131nda denge kurmak isteyen \u015firketler, uzun vadeli de\u011fer yaratma ve \u00e7evresel sorumlulu\u011fu kucaklayan stratejiler geli\u015ftirmeye devam etmeli ve s\u00fcrd\u00fcr\u00fclebilirli\u011fi kurumsal k\u00fclt\u00fcrlerine entegre etmeye \u00e7abalamal\u0131d\u0131r.<\/p>\n\n\n\n<h4 class=\"wp-block-heading\">4. K\u00fcresel Tedarik Zincirlerinin Karma\u015f\u0131kl\u0131\u011f\u0131<\/h4>\n\n\n\n<p>Bir\u00e7ok \u015firket, her biri farkl\u0131 \u00e7evresel ve \u00e7al\u0131\u015fma standartlar\u0131na sahip \u00e7e\u015fitli \u00fclkelerde yay\u0131lm\u0131\u015f geni\u015f bir tedarik\u00e7i a\u011f\u0131 ile operasyonlar\u0131n\u0131 devam ettirmektedir. \u015eirketlerin tedarik zincirlerindeki kontrollerinin s\u0131n\u0131rl\u0131 oldu\u011funu g\u00f6z \u00f6n\u00fcnde bulundurdu\u011fumuzda s\u00fcrd\u00fcr\u00fclebilirlik uygulamalar\u0131n\u0131n t\u00fcm zincir boyunca devam\u0131n\u0131 sa\u011flamak, zorlu bir g\u00f6revdir. Ek olarak, \u015feffafl\u0131k eksikli\u011fi i\u015f\u00e7ilerin haklar\u0131n\u0131 alamamas\u0131 ve modern k\u00f6lelik gibi etik olmayan uygulamalar\u0131n da olu\u015fmas\u0131na ortam yarat\u0131r.<\/p>\n\n\n\n<p>Apple, ge\u00e7ti\u011fimiz y\u0131llarda tedarik zincirinde yer alan baz\u0131 \u00fcretim tesislerinde \u00e7al\u0131\u015fma ko\u015fullar\u0131 ve \u00e7evresel etkilerle ilgili ciddi ele\u015ftiriler ald\u0131. \u015eirket, tedarik zincirini daha s\u00fcrd\u00fcr\u00fclebilir hale getirmek i\u00e7in yenilenebilir enerji kaynaklar\u0131na yat\u0131r\u0131m yaparak ve tedarik\u00e7ilerini daha s\u00fcrd\u00fcr\u00fclebilir uygulamalara y\u00f6nlendirmeye \u00e7al\u0131\u015f\u0131yor. K\u00fcresel tedarik zincirlerinin s\u00fcrd\u00fcr\u00fclebilirli\u011fini sa\u011flamak i\u00e7in \u015firketlerin, t\u00fcm tedarik zincirlerinde s\u0131k\u0131 denetimler uygulamas\u0131 ve \u00f6zellikle yerel payda\u015flarla i\u015fbirli\u011fini art\u0131rmas\u0131 gerekiyor.<\/p>\n\n\n\n<h4 class=\"wp-block-heading\">5. T\u00fcketici Davran\u0131\u015flar\u0131n\u0131n Rol\u00fc<\/h4>\n\n\n\n<p>T\u00fcketici davran\u0131\u015f\u0131, kurumsal s\u00fcrd\u00fcr\u00fclebilirlik \u00e7abalar\u0131n\u0131 \u015fekillendirmede kritik bir rol oynar. S\u00fcrd\u00fcr\u00fclebilir \u00fcr\u00fcnlere olan talep artarken, t\u00fcketici tercihleri genellikle \u00e7eli\u015fkilidir. Bir\u00e7ok t\u00fcketici, s\u00fcrd\u00fcr\u00fclebilirlikten ziyade fiyat ve kolayl\u0131\u011fa \u00f6ncelik vermekte, bu da \u015firketlerin maliyet d\u00fc\u015f\u00fcrme politikalar\u0131na \u00f6ncelik vermeye te\u015fvik edebilmektedir. Ayr\u0131ca, neyin ger\u00e7ekten s\u00fcrd\u00fcr\u00fclebilir bir \u00fcr\u00fcn oldu\u011funu bilmeyen t\u00fcketicilerin ye\u015fil badana yap\u0131lan \u00fcr\u00fcnleri tercih etmesi, manzaray\u0131 daha da karma\u015f\u0131k hale getirmektedir. T\u00fcketicilerin bilin\u00e7lenmesi ve daha sorumlu t\u00fcketim al\u0131\u015fkanl\u0131klar\u0131n\u0131n te\u015fvik edilmesi, kurumsal s\u00fcrd\u00fcr\u00fclebilirlikte anlaml\u0131 de\u011fi\u015fimi te\u015fvik etmek i\u00e7in kilit bir role sahiptir.<\/p>\n\n\n\n<p>Patagonia, s\u00fcrd\u00fcr\u00fclebilir t\u00fcketici davran\u0131\u015flar\u0131n\u0131 te\u015fvik etmek i\u00e7in \u00fcr\u00fcnlerini daha uzun \u00f6m\u00fcrl\u00fc hale getiren ve onar\u0131m hizmetleri sunan end\u00fcstrinin \u00f6nc\u00fc \u015firketlerinden birisidir. M\u00fc\u015fterilerini daha az sat\u0131n almaya ve \u00fcr\u00fcnlerini daha uzun s\u00fcre kullanmaya te\u015fvik eden pazarlama kampanyalar\u0131na cesur bir \u015fekilde imza att\u0131lar. Bu strateji, s\u00fcrd\u00fcr\u00fclebilirli\u011fe y\u00f6nelik bilin\u00e7li t\u00fcketici davran\u0131\u015flar\u0131n\u0131 desteklemek isteyen di\u011fer markalara ilham olmal\u0131d\u0131r. \u015eirketler, t\u00fcketicilerin fark\u0131ndal\u0131\u011f\u0131n\u0131 artt\u0131rmak ve s\u00fcrd\u00fcr\u00fclebilir \u00fcr\u00fcn ve hizmetleri daha cazip hale getirmek i\u00e7in bilin\u00e7li pazarlama stratejileri geli\u015ftirmelidir.<\/p>\n\n\n\n<p>T\u00fcm zorluklara ra\u011fmen, kurumsal s\u00fcrd\u00fcr\u00fclebilirlik konular\u0131yla ilgili ilerleme zorunlulu\u011funun fark\u0131na varmal\u0131y\u0131z. ESG (\u00c7evresel, Sosyal ve Y\u00f6neti\u015fim) reg\u00fclasyonlar\u0131n\u0131n art\u0131\u015f\u0131, \u015firketler \u00fczerinde s\u00fcrd\u00fcr\u00fclebilirlik uygulamalar\u0131n\u0131 iyile\u015ftirme bask\u0131s\u0131 yarat\u0131rken, teknolojik ilerlemeler \u00e7evresel etkilerin daha iyi izlenmesi ve raporlanmas\u0131n\u0131 sa\u011flayarak \u015feffafl\u0131k ve hesap verebilirli\u011fi desteklemektedir. Ancak, ger\u00e7ek kurumsal s\u00fcrd\u00fcr\u00fclebilirli\u011fin sa\u011flanabilmesi i\u00e7in i\u015f d\u00fcnyas\u0131n\u0131n i\u015fleyi\u015finde ve zihniyetinde k\u00f6kl\u00fc bir de\u011fi\u015fim gerekmektedir. Bir\u00e7ok \u015firket s\u00fcrd\u00fcr\u00fclebilirlik \u00e7abalar\u0131nda ilerleme kaydetse de bu \u00e7abalar\u0131n anlaml\u0131 ve etkili olabilmesi i\u00e7in \u00e7evresel ve sosyal hususlar\u0131n i\u015f operasyonlar\u0131n\u0131n her y\u00f6n\u00fcne entegre edildi\u011fi b\u00fct\u00fcnsel bir yakla\u015f\u0131m ve temel sorunlar\u0131n ele al\u0131nd\u0131\u011f\u0131 uzun vadeli bir perspektif benimsenmelidir. B\u00f6ylece, \u015firketler daha s\u00fcrd\u00fcr\u00fclebilir ve adil bir gelece\u011fe katk\u0131da bulunabilirler.<\/p>\n\n\n\n<p>Kaynaklar<\/p>\n\n\n\n<div class=\"wp-block-group is-vertical is-layout-flex wp-container-core-group-is-layout-1 wp-block-group-is-layout-flex\">\n<p>Martin, Robert. The Dieselgate Scandal: Lessons for Corporate Environmental Responsibility. Environmental Management Journal, vol. 45, no. 4, 2016, pp. 567-583.<\/p>\n\n\n\n<p>PepsiCo&#8217;s Approach to Reducing Carbon Emissions.&#8221; PepsiCo Sustainability Report, 2021.<\/p>\n\n\n\n<p>Challenges in Measuring Scope 3 Emissions. Carbon Trust, 2021.<\/p>\n\n\n\n<p>The Fast Fashion Dilemma: Balancing Profit and Sustainability. Business Ethics Quarterly, vol. 32, no. 2, 2022, pp. 223-240.<\/p>\n\n\n\n<p>Apple&#8217;s Supply Chain: Sustainability Challenges and Initiatives. Apple Environmental Progress Report, 2022.<\/p>\n\n\n\n<p>Patagonia&#8217;s Commitment to Sustainable Consumer Practices. Patagonia Corporate Responsibility Report, 2023.<\/p>\n<\/div>\n","protected":false},"excerpt":{"rendered":"<p>Kurumsal S\u00fcrd\u00fcr\u00fclebilirli\u011fi Neler Zorluyor? Nilg\u00fcn Aytekin \/\/ 25.08.2024 Kurumsal s\u00fcrd\u00fcr\u00fclebilirlik bir\u00e7ok sekt\u00f6r ve \u015firket i\u00e7in ni\u015f bir konu olmaktan \u00e7\u0131k\u0131p ana ak\u0131m bir i\u015f zorunlulu\u011fu haline gelmi\u015ftir. Farkl\u0131 sekt\u00f6rlerdeki \u015firketler, \u00e7evresel ve sosyal giri\u015fimlerini vurgulayarak, Birle\u015fmi\u015f Milletler\u2019in S\u00fcrd\u00fcr\u00fclebilir Kalk\u0131nma Ama\u00e7lar\u0131 (SKA) gibi k\u00fcresel standartlara ve Avrupa Birli\u011fi Ye\u015fil M\u00fctabakat kapsam\u0131nda yay\u0131mlanan direktiflere uyum sa\u011flamay\u0131 hedefliyorlar.<\/p>\n","protected":false},"author":2,"featured_media":0,"comment_status":"closed","ping_status":"open","sticky":false,"template":"","format":"standard","meta":{"footnotes":""},"categories":[1],"tags":[],"_links":{"self":[{"href":"https:\/\/atlas-scc.com\/tr\/wp-json\/wp\/v2\/posts\/1855"}],"collection":[{"href":"https:\/\/atlas-scc.com\/tr\/wp-json\/wp\/v2\/posts"}],"about":[{"href":"https:\/\/atlas-scc.com\/tr\/wp-json\/wp\/v2\/types\/post"}],"author":[{"embeddable":true,"href":"https:\/\/atlas-scc.com\/tr\/wp-json\/wp\/v2\/users\/2"}],"replies":[{"embeddable":true,"href":"https:\/\/atlas-scc.com\/tr\/wp-json\/wp\/v2\/comments?post=1855"}],"version-history":[{"count":1,"href":"https:\/\/atlas-scc.com\/tr\/wp-json\/wp\/v2\/posts\/1855\/revisions"}],"predecessor-version":[{"id":1858,"href":"https:\/\/atlas-scc.com\/tr\/wp-json\/wp\/v2\/posts\/1855\/revisions\/1858"}],"wp:attachment":[{"href":"https:\/\/atlas-scc.com\/tr\/wp-json\/wp\/v2\/media?parent=1855"}],"wp:term":[{"taxonomy":"category","embeddable":true,"href":"https:\/\/atlas-scc.com\/tr\/wp-json\/wp\/v2\/categories?post=1855"},{"taxonomy":"post_tag","embeddable":true,"href":"https:\/\/atlas-scc.com\/tr\/wp-json\/wp\/v2\/tags?post=1855"}],"curies":[{"name":"wp","href":"https:\/\/api.w.org\/{rel}","templated":true}]}}