{"id":1991,"date":"2025-01-16T10:30:17","date_gmt":"2025-01-16T07:30:17","guid":{"rendered":"https:\/\/atlas-scc.com\/?p=1991"},"modified":"2025-01-16T10:30:19","modified_gmt":"2025-01-16T07:30:19","slug":"kurumsal-surdurulebilirlik-ozen-yukumlulugu-direktifi-csddd","status":"publish","type":"post","link":"https:\/\/atlas-scc.com\/tr\/kurumsal-surdurulebilirlik-ozen-yukumlulugu-direktifi-csddd\/","title":{"rendered":"Kurumsal S\u00fcrd\u00fcr\u00fclebilirlik \u00d6zen Y\u00fck\u00fcml\u00fcl\u00fc\u011f\u00fc Direktifi (CSDDD)"},"content":{"rendered":"\n<figure class=\"wp-block-image size-large\"><img loading=\"lazy\" decoding=\"async\" width=\"1024\" height=\"683\" src=\"https:\/\/atlas-scc.com\/wp-content\/uploads\/michael-podger-jpgRztEuaV4-unsplash-1024x683.jpg\" alt=\"\" class=\"wp-image-1992\" srcset=\"https:\/\/atlas-scc.com\/wp-content\/uploads\/michael-podger-jpgRztEuaV4-unsplash-1024x683.jpg 1024w, https:\/\/atlas-scc.com\/wp-content\/uploads\/michael-podger-jpgRztEuaV4-unsplash-300x200.jpg 300w, https:\/\/atlas-scc.com\/wp-content\/uploads\/michael-podger-jpgRztEuaV4-unsplash-768x512.jpg 768w, https:\/\/atlas-scc.com\/wp-content\/uploads\/michael-podger-jpgRztEuaV4-unsplash-1536x1024.jpg 1536w, https:\/\/atlas-scc.com\/wp-content\/uploads\/michael-podger-jpgRztEuaV4-unsplash-2048x1365.jpg 2048w\" sizes=\"(max-width: 1024px) 100vw, 1024px\" \/><\/figure>\n\n\n\n<h4 class=\"wp-block-heading\">Kurumsal S\u00fcrd\u00fcr\u00fclebilirlik \u00d6zen Y\u00fck\u00fcml\u00fcl\u00fc\u011f\u00fc Direktifi (CSDDD)<\/h4>\n\n\n\n<p>Avrupa Birli\u011fi (AB), \u015firketlerin insan haklar\u0131 ve \u00e7evre \u00fczerindeki etkilerini daha sorumlu bir \u015fekilde y\u00f6netmelerini sa\u011flamak amac\u0131yla Kurumsal S\u00fcrd\u00fcr\u00fclebilirlik \u00d6zen Y\u00fck\u00fcml\u00fcl\u00fc\u011f\u00fc Direktifi&#8217;ni (CSDDD) kabul etmi\u015ftir. Bu direktif, b\u00fcy\u00fck \u00f6l\u00e7ekli AB i\u00e7i ve AB d\u0131\u015f\u0131 \u015firketlere, operasyonlar\u0131nda ve tedarik zincirlerinde insan haklar\u0131na sayg\u0131 g\u00f6sterme ve \u00e7evresel etkileri azaltma y\u00fck\u00fcml\u00fcl\u00fckleri getirmektedir.<\/p>\n\n\n\n<p>Bu kapsamda bir direktife gerek duyulmas\u0131n\u0131n temel nedenleri, mevcut \u00f6zen y\u00fck\u00fcml\u00fcl\u00fc\u011f\u00fc uygulamalar\u0131n\u0131n s\u0131n\u0131rl\u0131 kapsam\u0131 ve yetersizli\u011fiyle ili\u015fkilidir. \u015eirketlerin yaln\u0131zca ilk kademe tedarik\u00e7ileriyle s\u0131n\u0131rl\u0131 kalan uygulamalar\u0131, tedarik zincirlerinin daha derin katmanlar\u0131ndaki insan haklar\u0131 ve \u00e7evresel riskleri g\u00f6z ard\u0131 etmektedir. Ayr\u0131ca, insan haklar\u0131 ve \u00e7evreyle ilgili s\u00fcre\u00e7lerin genellikle ayr\u0131 y\u00fcr\u00fct\u00fclmesi, b\u00fct\u00fcnc\u00fcl bir yakla\u015f\u0131m\u0131 engellemektedir. \u00d6zen y\u00fck\u00fcml\u00fcl\u00fc\u011f\u00fc kapsam\u0131nda kullan\u0131lan ara\u00e7lar (s\u00f6zle\u015fme maddeleri, davran\u0131\u015f kurallar\u0131, denetimler) yayg\u0131n olmakla birlikte, tedarik zincirlerinin alt seviyelerinde etkili bir kontrol mekanizmas\u0131 olu\u015fturulamam\u0131\u015ft\u0131r. Bu nedenle, Kurumsal S\u00fcrd\u00fcr\u00fclebilirlik \u00d6zen Y\u00fck\u00fcml\u00fcl\u00fc\u011f\u00fc Direktifi (CSDDD), \u015firketlerin t\u00fcm operasyonel seviyelerinde insan haklar\u0131 ve \u00e7evresel etkileri dikkate alan daha kapsaml\u0131 ve etkili bir yakla\u015f\u0131m\u0131 zorunlu k\u0131lmay\u0131 ama\u00e7lamaktad\u0131r.<\/p>\n\n\n\n<h4 class=\"wp-block-heading\">Kurumsal S\u00fcrd\u00fcr\u00fclebilirlik \u00d6zen Y\u00fck\u00fcml\u00fcl\u00fc\u011f\u00fc Direktifi (CSDDD) Nedir?<\/h4>\n\n\n\n<p>CSDDD, \u015firketlerin faaliyet zincirlerinde insan haklar\u0131 ve \u00e7evreye y\u00f6nelik olumsuz etkileri belirlemelerini, \u00f6nlemelerini ve bu konularda hesap verebilir olmalar\u0131n\u0131 zorunlu k\u0131lan bir d\u00fczenlemedir. Bu direktif, \u015firketlerin sadece kendi operasyonlar\u0131n\u0131 de\u011fil, ayn\u0131 zamanda tedarik zincirlerindeki ortaklar\u0131n\u0131n faaliyetlerini de kapsar. Ama\u00e7, AB genelinde s\u00fcrd\u00fcr\u00fclebilir ve sorumlu i\u015f uygulamalar\u0131 i\u00e7in tek tip bir standart olu\u015fturmakt\u0131r.<\/p>\n\n\n\n<h4 class=\"wp-block-heading\">Kapsam ve Uygulama S\u00fcreci<\/h4>\n\n\n\n<p>Direktif, 1.000&#8217;den fazla \u00e7al\u0131\u015fan\u0131 olan ve y\u0131ll\u0131k net cirosu 450 milyon Euro&#8217;yu a\u015fan b\u00fcy\u00fck AB i\u00e7i ve AB d\u0131\u015f\u0131 \u015firketleri kapsamaktad\u0131r. \u00d6nceki taslaklarda daha d\u00fc\u015f\u00fck e\u015fikler \u00f6ng\u00f6r\u00fclm\u00fc\u015f olsa da, kapsam daralt\u0131larak uygulama s\u00fcresi uzat\u0131lm\u0131\u015ft\u0131r. Bu sayede, direktifin kapsam\u0131na giren \u015firketlerin say\u0131s\u0131 yakla\u015f\u0131k \u00fc\u00e7te iki oran\u0131nda azalt\u0131lm\u0131\u015ft\u0131r.<\/p>\n\n\n\n<p>Direktifin y\u00fcr\u00fcrl\u00fc\u011fe girmesinden itibaren, \u015firketlerin b\u00fcy\u00fckl\u00fcklerine ba\u011fl\u0131 olarak uyum sa\u011flamalar\u0131 i\u00e7in kademeli bir ge\u00e7i\u015f s\u00fcreci \u00f6ng\u00f6r\u00fclm\u00fc\u015ft\u00fcr:<\/p>\n\n\n\n<ul>\n<li>2027&#8217;den itibaren 5000&#8217;den fazla \u00e7al\u0131\u015fan\u0131 olan ve d\u00fcnya genelinde 1500 milyon Euro \u00fczerinde cirosu olan \u015firketler i\u00e7in ge\u00e7erli olacakt\u0131r.<\/li>\n<\/ul>\n\n\n\n<ul>\n<li>2028&#8217;den itibaren 3000&#8217;den fazla \u00e7al\u0131\u015fan\u0131 olan ve d\u00fcnya genelinde 900 milyon Euro \u00fczerinde cirosu olan \u015firketler i\u00e7in ge\u00e7erli olacakt\u0131r.<\/li>\n<\/ul>\n\n\n\n<ul>\n<li>2029&#8217;dan itibaren Direktif kapsam\u0131ndaki di\u011fer t\u00fcm \u015firketler i\u00e7in (1000&#8217;den fazla \u00e7al\u0131\u015fan\u0131 olan ve d\u00fcnya genelinde 450 milyon Euro \u00fczerinde cirosu olan \u015firketler dahil) ge\u00e7erli olacakt\u0131r.<\/li>\n<\/ul>\n\n\n\n<p>Ayr\u0131ca, daha az \u00e7al\u0131\u015fana sahip olup insan haklar\u0131 ihlalleri bak\u0131m\u0131ndan riskli sekt\u00f6rlerde faaliyet g\u00f6steren \u015firketler de y\u00fck\u00fcml\u00fcl\u00fck kapsam\u0131na al\u0131nabilecektir.<\/p>\n\n\n\n<h4 class=\"wp-block-heading\">\u015eirketlerin Y\u00fck\u00fcml\u00fcl\u00fckleri<\/h4>\n\n\n\n<p>CSDDD kapsam\u0131nda \u015firketlerin temel y\u00fck\u00fcml\u00fcl\u00fckleri \u015funlard\u0131r:<\/p>\n\n\n\n<p><strong>Etki De\u011ferlendirmesi:<\/strong> \u015eirketlerin, kendi operasyonlar\u0131 ve tedarik zincirlerindeki faaliyetlerin insan haklar\u0131 ve \u00e7evre \u00fczerindeki etkilerini d\u00fczenli olarak de\u011ferlendirmeleri, olumsuz etkileri tespit etmeleri ve bunlar\u0131 \u00f6nlemek veya hafifletmek i\u00e7in gerekli \u00f6nlemleri almalar\u0131 gerekmektedir. Bu ba\u011flamda, takip edecekleri ad\u0131mlar \u015fu \u015fekilde s\u0131ralanabilir:<\/p>\n\n\n\n<ol>\n<li>K\u00fcresel olarak t\u00fcm tedarik zincirini haritaland\u0131rma<\/li>\n\n\n\n<li>Tedarik zincirine y\u00f6nelik risk de\u011ferlendirmesi<\/li>\n\n\n\n<li>\u00d6nceliklendirilen risklerle ilgili de\u011ferlendirme, \u00e7\u00f6z\u00fcm \u00f6nerilerine y\u00f6nelik sistem kurulmas\u0131<\/li>\n\n\n\n<li>T\u00fcm payda\u015flara y\u00f6nelik \u015fikayet mekanizmas\u0131 (greviance mechanism)<\/li>\n\n\n\n<li>\u015eeffafl\u0131k, kamuya y\u00f6nelik raporlama yap\u0131lmas\u0131 (ESRS, CSDDD, ..)<\/li>\n<\/ol>\n\n\n\n<p><strong>\u0130klim Ge\u00e7i\u015f Plan\u0131: <\/strong>Paris Anla\u015fmas\u0131 do\u011frultusunda k\u00fcresel \u0131s\u0131nmay\u0131 1,5\u00b0C ile s\u0131n\u0131rland\u0131rmak ve 2050 y\u0131l\u0131na kadar s\u0131f\u0131r sera gaz\u0131 emisyonuna ula\u015fmak amac\u0131yla, \u015firketlerin iklim n\u00f6trl\u00fc\u011f\u00fc hedefleri ve ara hedeflerle uyumlu stratejiler geli\u015ftirmeleri zorunlu k\u0131l\u0131nm\u0131\u015ft\u0131r.<\/p>\n\n\n\n<h4 class=\"wp-block-heading\">Yapt\u0131r\u0131mlar ve Sorumluluklar<\/h4>\n\n\n\n<p>Direktife uyulmamas\u0131 durumunda \u015firketler \u00e7e\u015fitli yapt\u0131r\u0131mlarla kar\u015f\u0131la\u015fabilir:<\/p>\n\n\n\n<p><strong>Para Cezalar\u0131:<\/strong> Y\u00fck\u00fcml\u00fcl\u00fcklere uymayan \u015firketler, k\u00fcresel cirolar\u0131n\u0131n %5&#8217;ine kadar para cezalar\u0131yla kar\u015f\u0131la\u015fabilirler.<\/p>\n\n\n\n<p><strong>Hukuki Sorumluluk: <\/strong>\u015eirketler, olumsuz insan haklar\u0131 etkilerini \u00f6nleyemedikleri veya hafifletemedikleri durumlarda tazminat sorumlulu\u011fuyla kar\u015f\u0131la\u015fabilirler. Bu sorumluluk, be\u015f y\u0131ll\u0131k bir zamana\u015f\u0131m\u0131 s\u00fcresine tabidir.<\/p>\n\n\n\n<p><strong>Kamu \u0130halelerinden D\u0131\u015flanma: <\/strong>AB \u00fcye devletleri, CSDDD uyumlulu\u011funu kamu s\u00f6zle\u015fmelerinin ve imtiyazlar\u0131n\u0131n verilmesinde bir etken olarak de\u011ferlendirebilirler.<\/p>\n\n\n\n<p>CSDDD, T\u00fcrkiye&#8217;deki \u015firketler i\u00e7in do\u011frudan bir ba\u011flay\u0131c\u0131l\u0131k ta\u015f\u0131mamakla birlikte, Avrupa Birli\u011fi ile yo\u011fun ticaret yapan b\u00fcy\u00fck \u015firketler i\u00e7in \u00f6nemli bir y\u00fck\u00fcml\u00fcl\u00fck haline gelecektir. AB pazar\u0131na eri\u015fimlerini s\u00fcrd\u00fcrmek isteyen T\u00fcrk \u015firketleri, direktifin \u00f6ng\u00f6rd\u00fc\u011f\u00fc insan haklar\u0131 ve \u00e7evre odakl\u0131 \u00f6zen y\u00fck\u00fcml\u00fcl\u00fc\u011f\u00fc s\u00fcre\u00e7lerini uygulamak ve raporlamak durumunda kalacakt\u0131r. Bu, yaln\u0131zca \u015firketlerin kendi operasyonlar\u0131n\u0131 de\u011fil, ayn\u0131 zamanda tedarik zincirindeki di\u011fer i\u015fletmeleri de kapsayan bir denetim ve y\u00f6netim anlay\u0131\u015f\u0131 geli\u015ftirmelerini zorunlu k\u0131lmaktad\u0131r. T\u00fcrkiye&#8217;deki b\u00fcy\u00fck \u015firketler, bu y\u00fck\u00fcml\u00fcl\u00fcklere uyum sa\u011flayarak hem AB pazar\u0131ndaki rekabet avantajlar\u0131n\u0131 koruyabilir hem de daha s\u00fcrd\u00fcr\u00fclebilir bir i\u015f modeline ge\u00e7i\u015f yapabilirler.<\/p>\n\n\n\n<p>Kaynaklar<\/p>\n\n\n\n<div class=\"wp-block-group is-vertical is-layout-flex wp-container-core-group-is-layout-1 wp-block-group-is-layout-flex\">\n<p>https:\/\/lnkd.in\/eiUgsuqW<\/p>\n\n\n\n<p>https:\/\/legal.com.tr\/blog\/ekonomi\/avrupa-birliginin-kurumsal-surdurulebilirlik-durum-tespiti-direktifi-uzerine<\/p>\n<\/div>\n","protected":false},"excerpt":{"rendered":"<p>Kurumsal S\u00fcrd\u00fcr\u00fclebilirlik \u00d6zen Y\u00fck\u00fcml\u00fcl\u00fc\u011f\u00fc Direktifi (CSDDD) Avrupa Birli\u011fi (AB), \u015firketlerin insan haklar\u0131 ve \u00e7evre \u00fczerindeki etkilerini daha sorumlu bir \u015fekilde y\u00f6netmelerini sa\u011flamak amac\u0131yla Kurumsal S\u00fcrd\u00fcr\u00fclebilirlik \u00d6zen Y\u00fck\u00fcml\u00fcl\u00fc\u011f\u00fc Direktifi&#8217;ni (CSDDD) kabul etmi\u015ftir. Bu direktif, b\u00fcy\u00fck \u00f6l\u00e7ekli AB i\u00e7i ve AB d\u0131\u015f\u0131 \u015firketlere, operasyonlar\u0131nda ve tedarik zincirlerinde insan haklar\u0131na sayg\u0131 g\u00f6sterme ve \u00e7evresel etkileri azaltma y\u00fck\u00fcml\u00fcl\u00fckleri getirmektedir.<\/p>\n","protected":false},"author":2,"featured_media":0,"comment_status":"closed","ping_status":"open","sticky":false,"template":"","format":"standard","meta":{"footnotes":""},"categories":[1],"tags":[],"_links":{"self":[{"href":"https:\/\/atlas-scc.com\/tr\/wp-json\/wp\/v2\/posts\/1991"}],"collection":[{"href":"https:\/\/atlas-scc.com\/tr\/wp-json\/wp\/v2\/posts"}],"about":[{"href":"https:\/\/atlas-scc.com\/tr\/wp-json\/wp\/v2\/types\/post"}],"author":[{"embeddable":true,"href":"https:\/\/atlas-scc.com\/tr\/wp-json\/wp\/v2\/users\/2"}],"replies":[{"embeddable":true,"href":"https:\/\/atlas-scc.com\/tr\/wp-json\/wp\/v2\/comments?post=1991"}],"version-history":[{"count":1,"href":"https:\/\/atlas-scc.com\/tr\/wp-json\/wp\/v2\/posts\/1991\/revisions"}],"predecessor-version":[{"id":1994,"href":"https:\/\/atlas-scc.com\/tr\/wp-json\/wp\/v2\/posts\/1991\/revisions\/1994"}],"wp:attachment":[{"href":"https:\/\/atlas-scc.com\/tr\/wp-json\/wp\/v2\/media?parent=1991"}],"wp:term":[{"taxonomy":"category","embeddable":true,"href":"https:\/\/atlas-scc.com\/tr\/wp-json\/wp\/v2\/categories?post=1991"},{"taxonomy":"post_tag","embeddable":true,"href":"https:\/\/atlas-scc.com\/tr\/wp-json\/wp\/v2\/tags?post=1991"}],"curies":[{"name":"wp","href":"https:\/\/api.w.org\/{rel}","templated":true}]}}